{"id":216572,"date":"2026-05-01T17:00:21","date_gmt":"2026-05-01T16:00:21","guid":{"rendered":"https:\/\/rna.ao\/rna.ao\/?p=216572"},"modified":"2026-05-01T14:19:20","modified_gmt":"2026-05-01T13:19:20","slug":"novo-ministro-da-defesa-nacional-antigos-combatentes-e-veteranos-da-patria-lucio-do-amaral-promete-estabilidade-e-avaliacao-rigorosa-do-sistema-do-sector","status":"publish","type":"post","link":"https:\/\/rna.ao\/rna.ao\/2026\/05\/01\/novo-ministro-da-defesa-nacional-antigos-combatentes-e-veteranos-da-patria-lucio-do-amaral-promete-estabilidade-e-avaliacao-rigorosa-do-sistema-do-sector\/","title":{"rendered":"Novo Ministro da Defesa Nacional, Antigos Combatentes e Veteranos da P\u00e1tria, L\u00facio do Amaral, promete estabilidade e avalia\u00e7\u00e3o rigorosa do sistema do sector"},"content":{"rendered":"<p><img loading=\"lazy\" class=\"alignnone size-medium wp-image-216575\" src=\"https:\/\/rna.ao\/rna.ao\/wp-content\/uploads\/2026\/05\/IMG_8799-767x770.jpeg\" alt=\"\" width=\"767\" height=\"770\" srcset=\"https:\/\/rna.ao\/rna.ao\/wp-content\/uploads\/2026\/05\/IMG_8799-767x770.jpeg 767w, https:\/\/rna.ao\/rna.ao\/wp-content\/uploads\/2026\/05\/IMG_8799-150x150.jpeg 150w, https:\/\/rna.ao\/rna.ao\/wp-content\/uploads\/2026\/05\/IMG_8799-768x771.jpeg 768w, https:\/\/rna.ao\/rna.ao\/wp-content\/uploads\/2026\/05\/IMG_8799-100x100.jpeg 100w, https:\/\/rna.ao\/rna.ao\/wp-content\/uploads\/2026\/05\/IMG_8799-370x370.jpeg 370w, https:\/\/rna.ao\/rna.ao\/wp-content\/uploads\/2026\/05\/IMG_8799.jpeg 850w\" sizes=\"(max-width: 767px) 100vw, 767px\" \/>O novo ministro da Defesa Nacional, Antigos Combatentes e Veteranos da P\u00e1tria, L\u00facio do Amaral, reafirma que a sua actua\u00e7\u00e3o ser\u00e1 baseada no programa j\u00e1 existente, sujeito apenas a an\u00e1lises e ajustes.<\/p>\n<p>Durante a cerim\u00f3nia de passagem de pasta, L\u00facio do Amaral afastou, para j\u00e1, mudan\u00e7as estruturais profundas, sublinhando que a prioridade passa por consolidar as pol\u00edticas em curso e garantir o normal funcionamento do sector. Jornalista Ant\u00f3nio Chocolate. Clique no \u00e1udio e ou\u00e7a:<\/p>\n\t<div class=\"qtmplayer-playlist-large\">\n\t\t<ul class=\"qtmplayer-playlist\">\n\t\t\t\n\t\t\t\t\t<li class=\"qtmplayer-trackitem\">\n\t\t<img src=\"https:\/\/rna.ao\/rna.ao\/wp-content\/uploads\/2026\/05\/IMG_8799-100x100.jpeg\" alt=\"cover\">\t\t<span \t\t\tdata-qtmplayer-cover=\"https:\/\/rna.ao\/rna.ao\/wp-content\/uploads\/2026\/05\/IMG_8799-370x370.jpeg\"\n\t\t\t\t\t\tdata-qtmplayer-file=\"https:\/\/rna.ao\/rna.ao\/wp-content\/uploads\/2026\/05\/ANTONIO-CHOCOLATE-13HRS.mp3\"\n\t\t\t\t\t\tdata-qtmplayer-title=\"Novo Ministro da Defesa Nacional, Antigos Combatentes e Veteranos da P\u00e1tria, L\u00facio do Amaral, promete estabilidade e avalia\u00e7\u00e3o rigorosa do sistema do sector\"\n\t\t\t\t\t\tdata-qtmplayer-artist=\"Juliana Nunes\"\n\t\t\t\t\t\tdata-qtmplayer-link=\"https:\/\/rna.ao\/rna.ao\/2026\/05\/01\/novo-ministro-da-defesa-nacional-antigos-combatentes-e-veteranos-da-patria-lucio-do-amaral-promete-estabilidade-e-avaliacao-rigorosa-do-sistema-do-sector\/\"\n\t\t\t\t\t\tdata-qtmplayer-icon=\"file_download\"\n\t\t\t\t\t\tdata-qtmplayer-type=\"track\"\n\t\t\t class=\"qtmplayer-play qtmplayer-link-sec qtmplayer-play-btn\"><i class='material-icons'>play_arrow<\/i><\/span>\n\t\t<p>\n\t\t\t<span class=\"qtmplayer-tit\">Novo Ministro da Defesa Nacional, Antigos Combatentes e Veteranos da P\u00e1tria, L\u00facio do Amaral, promete estabilidade e avalia\u00e7\u00e3o rigorosa do sistema do sector<\/span>\n\t\t\t<span class=\"qtmplayer-art\">Juliana Nunes<\/span>\n\t\t<\/p>\n\t<\/li>\n\t\t<\/ul>\n\t<\/div>\t\t\t\n\t\n","protected":false},"excerpt":{"rendered":"<p>O novo ministro da Defesa Nacional, Antigos Combatentes e Veteranos da P\u00e1tria, L\u00facio do Amaral, reafirma que a sua actua\u00e7\u00e3o ser\u00e1 baseada no programa j\u00e1 existente, sujeito apenas a an\u00e1lises e ajustes. Durante a cerim\u00f3nia de passagem de pasta, L\u00facio do Amaral afastou, para j\u00e1, mudan\u00e7as estruturais profundas, sublinhando que ...<\/p>\n","protected":false},"author":16,"featured_media":216575,"comment_status":"closed","ping_status":"closed","sticky":false,"template":"","format":"standard","meta":[],"categories":[142,121,164],"tags":[],"_links":{"self":[{"href":"https:\/\/rna.ao\/rna.ao\/wp-json\/wp\/v2\/posts\/216572"}],"collection":[{"href":"https:\/\/rna.ao\/rna.ao\/wp-json\/wp\/v2\/posts"}],"about":[{"href":"https:\/\/rna.ao\/rna.ao\/wp-json\/wp\/v2\/types\/post"}],"author":[{"embeddable":true,"href":"https:\/\/rna.ao\/rna.ao\/wp-json\/wp\/v2\/users\/16"}],"replies":[{"embeddable":true,"href":"https:\/\/rna.ao\/rna.ao\/wp-json\/wp\/v2\/comments?post=216572"}],"version-history":[{"count":2,"href":"https:\/\/rna.ao\/rna.ao\/wp-json\/wp\/v2\/posts\/216572\/revisions"}],"predecessor-version":[{"id":216578,"href":"https:\/\/rna.ao\/rna.ao\/wp-json\/wp\/v2\/posts\/216572\/revisions\/216578"}],"wp:featuredmedia":[{"embeddable":true,"href":"https:\/\/rna.ao\/rna.ao\/wp-json\/wp\/v2\/media\/216575"}],"wp:attachment":[{"href":"https:\/\/rna.ao\/rna.ao\/wp-json\/wp\/v2\/media?parent=216572"}],"wp:term":[{"taxonomy":"category","embeddable":true,"href":"https:\/\/rna.ao\/rna.ao\/wp-json\/wp\/v2\/categories?post=216572"},{"taxonomy":"post_tag","embeddable":true,"href":"https:\/\/rna.ao\/rna.ao\/wp-json\/wp\/v2\/tags?post=216572"}],"curies":[{"name":"wp","href":"https:\/\/api.w.org\/{rel}","templated":true}]}}