{"id":216556,"date":"2026-05-01T15:00:42","date_gmt":"2026-05-01T14:00:42","guid":{"rendered":"https:\/\/rna.ao\/rna.ao\/?p=216556"},"modified":"2026-05-01T14:05:57","modified_gmt":"2026-05-01T13:05:57","slug":"director-nacional-de-imprensa-e-comunicacao-institucional-do-minttics-desqualifica-relatorio-da-ong-reporteres-sem-fronteiras-que-diz-que-em-angola-nao-se-faz-sentir-a-liberdade-de-imprensa","status":"publish","type":"post","link":"https:\/\/rna.ao\/rna.ao\/2026\/05\/01\/director-nacional-de-imprensa-e-comunicacao-institucional-do-minttics-desqualifica-relatorio-da-ong-reporteres-sem-fronteiras-que-diz-que-em-angola-nao-se-faz-sentir-a-liberdade-de-imprensa\/","title":{"rendered":"Director Nacional de Imprensa e Comunica\u00e7\u00e3o Institucional do MINTTICS desqualifica relat\u00f3rio da ONG Rep\u00f3rteres Sem Fronteiras que diz que em Angola n\u00e3o se faz sentir a liberdade de imprensa"},"content":{"rendered":"<p><img loading=\"lazy\" class=\"alignnone size-full wp-image-216557\" src=\"https:\/\/rna.ao\/rna.ao\/wp-content\/uploads\/2026\/05\/IMG_8796.jpeg\" alt=\"\" width=\"640\" height=\"427\" \/>O relat\u00f3rio anual da ONG Rep\u00f3rteres Sem Fronteiras descarta mudan\u00e7as significativas em Angola no campo do respeito da liberdade de imprensa.<\/p>\n<p>O relat\u00f3rio diz ainda que a censura e o controlo da informa\u00e7\u00e3o continuam a ser uma pr\u00e1tica, quadro que afecta os jornalistas.<\/p>\n<p>Em reac\u00e7\u00e3o a estes dados, o Director Nacional de Imprensa e Comunica\u00e7\u00e3o Institucional do Minist\u00e9rio das Telecomunica\u00e7\u00f5es, Tecnologias de Informa\u00e7\u00e3o e Comunica\u00e7\u00e3o Social diz que o relat\u00f3rio est\u00e1 caracterizado por muitas inverdades e imprecis\u00f5es.<\/p>\n<p>Jo\u00e3o Demba apresenta como prova dessas imprecis\u00f5es e inverdades o n\u00famero de r\u00e1dios privadas em Angola. Clique no \u00e1udio e ou\u00e7a:<\/p>\n\t<div class=\"qtmplayer-playlist-large\">\n\t\t<ul class=\"qtmplayer-playlist\">\n\t\t\t\n\t\t\t\t\t<li class=\"qtmplayer-trackitem\">\n\t\t<img src=\"https:\/\/rna.ao\/rna.ao\/wp-content\/uploads\/2026\/05\/IMG_8796-100x100.jpeg\" alt=\"cover\">\t\t<span \t\t\tdata-qtmplayer-cover=\"https:\/\/rna.ao\/rna.ao\/wp-content\/uploads\/2026\/05\/IMG_8796-370x370.jpeg\"\n\t\t\t\t\t\tdata-qtmplayer-file=\"https:\/\/rna.ao\/rna.ao\/wp-content\/uploads\/2026\/05\/JOAO-DEMBA-1-13HRS.mp3\"\n\t\t\t\t\t\tdata-qtmplayer-title=\"Director Nacional de Imprensa e Comunica\u00e7\u00e3o Institucional do MINTTICS desqualifica relat\u00f3rio da ONG Rep\u00f3rteres Sem Fronteiras que diz que em Angola n\u00e3o se faz sentir a liberdade de imprensa\"\n\t\t\t\t\t\tdata-qtmplayer-artist=\"Juliana Nunes\"\n\t\t\t\t\t\tdata-qtmplayer-link=\"https:\/\/rna.ao\/rna.ao\/2026\/05\/01\/director-nacional-de-imprensa-e-comunicacao-institucional-do-minttics-desqualifica-relatorio-da-ong-reporteres-sem-fronteiras-que-diz-que-em-angola-nao-se-faz-sentir-a-liberdade-de-imprensa\/\"\n\t\t\t\t\t\tdata-qtmplayer-icon=\"file_download\"\n\t\t\t\t\t\tdata-qtmplayer-type=\"track\"\n\t\t\t class=\"qtmplayer-play qtmplayer-link-sec qtmplayer-play-btn\"><i class='material-icons'>play_arrow<\/i><\/span>\n\t\t<p>\n\t\t\t<span class=\"qtmplayer-tit\">Director Nacional de Imprensa e Comunica\u00e7\u00e3o Institucional do MINTTICS desqualifica relat\u00f3rio da ONG Rep\u00f3rteres Sem Fronteiras que diz que em Angola n\u00e3o se faz sentir a liberdade de imprensa<\/span>\n\t\t\t<span class=\"qtmplayer-art\">Juliana Nunes<\/span>\n\t\t<\/p>\n\t<\/li>\n\t\t<\/ul>\n\t<\/div>\t\t\t\n\t\n<p>Jo\u00e3o Demba mostra ainda outra inverdade que consta do relat\u00f3rio, que insinua que nas coberturas presidenciais n\u00e3o tem havido espa\u00e7o de perguntas e respostas para os jornalistas destacados nestes eventos.<\/p>\n<p>O documento insinua tamb\u00e9m que a imprensa privada n\u00e3o \u00e9 envolvida na cobertura dos grandes eventos, um dado que Jo\u00e3o Demba coloca como outra das muitas inverdades do relat\u00f3rio sobre liberdade de imprensa em Angola. Clique no \u00e1udio e ou\u00e7a:<\/p>\n\t<div class=\"qtmplayer-playlist-large\">\n\t\t<ul class=\"qtmplayer-playlist\">\n\t\t\t\n\t\t\t\t\t<li class=\"qtmplayer-trackitem\">\n\t\t<img src=\"https:\/\/rna.ao\/rna.ao\/wp-content\/uploads\/2026\/05\/IMG_8796-100x100.jpeg\" alt=\"cover\">\t\t<span \t\t\tdata-qtmplayer-cover=\"https:\/\/rna.ao\/rna.ao\/wp-content\/uploads\/2026\/05\/IMG_8796-370x370.jpeg\"\n\t\t\t\t\t\tdata-qtmplayer-file=\"https:\/\/rna.ao\/rna.ao\/wp-content\/uploads\/2026\/05\/JOAO-DEMBA-2-13HRS.mp3\"\n\t\t\t\t\t\tdata-qtmplayer-title=\"Director Nacional de Imprensa e Comunica\u00e7\u00e3o Institucional do MINTTICS desqualifica relat\u00f3rio da ONG Rep\u00f3rteres Sem Fronteiras que diz que em Angola n\u00e3o se faz sentir a liberdade de imprensa\"\n\t\t\t\t\t\tdata-qtmplayer-artist=\"Juliana Nunes\"\n\t\t\t\t\t\tdata-qtmplayer-link=\"https:\/\/rna.ao\/rna.ao\/2026\/05\/01\/director-nacional-de-imprensa-e-comunicacao-institucional-do-minttics-desqualifica-relatorio-da-ong-reporteres-sem-fronteiras-que-diz-que-em-angola-nao-se-faz-sentir-a-liberdade-de-imprensa\/\"\n\t\t\t\t\t\tdata-qtmplayer-icon=\"file_download\"\n\t\t\t\t\t\tdata-qtmplayer-type=\"track\"\n\t\t\t class=\"qtmplayer-play qtmplayer-link-sec qtmplayer-play-btn\"><i class='material-icons'>play_arrow<\/i><\/span>\n\t\t<p>\n\t\t\t<span class=\"qtmplayer-tit\">Director Nacional de Imprensa e Comunica\u00e7\u00e3o Institucional do MINTTICS desqualifica relat\u00f3rio da ONG Rep\u00f3rteres Sem Fronteiras que diz que em Angola n\u00e3o se faz sentir a liberdade de imprensa<\/span>\n\t\t\t<span class=\"qtmplayer-art\">Juliana Nunes<\/span>\n\t\t<\/p>\n\t<\/li>\n\t\t<\/ul>\n\t<\/div>\t\t\t\n\t\n","protected":false},"excerpt":{"rendered":"<p>O relat\u00f3rio anual da ONG Rep\u00f3rteres Sem Fronteiras descarta mudan\u00e7as significativas em Angola no campo do respeito da liberdade de imprensa. O relat\u00f3rio diz ainda que a censura e o controlo da informa\u00e7\u00e3o continuam a ser uma pr\u00e1tica, quadro que afecta os jornalistas. Em reac\u00e7\u00e3o a estes dados, o Director ...<\/p>\n","protected":false},"author":16,"featured_media":216557,"comment_status":"closed","ping_status":"closed","sticky":false,"template":"","format":"standard","meta":[],"categories":[142,121,164],"tags":[],"_links":{"self":[{"href":"https:\/\/rna.ao\/rna.ao\/wp-json\/wp\/v2\/posts\/216556"}],"collection":[{"href":"https:\/\/rna.ao\/rna.ao\/wp-json\/wp\/v2\/posts"}],"about":[{"href":"https:\/\/rna.ao\/rna.ao\/wp-json\/wp\/v2\/types\/post"}],"author":[{"embeddable":true,"href":"https:\/\/rna.ao\/rna.ao\/wp-json\/wp\/v2\/users\/16"}],"replies":[{"embeddable":true,"href":"https:\/\/rna.ao\/rna.ao\/wp-json\/wp\/v2\/comments?post=216556"}],"version-history":[{"count":3,"href":"https:\/\/rna.ao\/rna.ao\/wp-json\/wp\/v2\/posts\/216556\/revisions"}],"predecessor-version":[{"id":216562,"href":"https:\/\/rna.ao\/rna.ao\/wp-json\/wp\/v2\/posts\/216556\/revisions\/216562"}],"wp:featuredmedia":[{"embeddable":true,"href":"https:\/\/rna.ao\/rna.ao\/wp-json\/wp\/v2\/media\/216557"}],"wp:attachment":[{"href":"https:\/\/rna.ao\/rna.ao\/wp-json\/wp\/v2\/media?parent=216556"}],"wp:term":[{"taxonomy":"category","embeddable":true,"href":"https:\/\/rna.ao\/rna.ao\/wp-json\/wp\/v2\/categories?post=216556"},{"taxonomy":"post_tag","embeddable":true,"href":"https:\/\/rna.ao\/rna.ao\/wp-json\/wp\/v2\/tags?post=216556"}],"curies":[{"name":"wp","href":"https:\/\/api.w.org\/{rel}","templated":true}]}}