{"id":216545,"date":"2026-05-01T13:43:17","date_gmt":"2026-05-01T12:43:17","guid":{"rendered":"https:\/\/rna.ao\/rna.ao\/?p=216545"},"modified":"2026-05-01T13:43:42","modified_gmt":"2026-05-01T12:43:42","slug":"central-fotovoltaica-do-luau-no-moxico-leste-comeca-a-funcionar-na-proxima-semana-e-beneficiara-mais-de-100-mil-habitantes","status":"publish","type":"post","link":"https:\/\/rna.ao\/rna.ao\/2026\/05\/01\/central-fotovoltaica-do-luau-no-moxico-leste-comeca-a-funcionar-na-proxima-semana-e-beneficiara-mais-de-100-mil-habitantes\/","title":{"rendered":"Central fotovoltaica do Luau, no Moxico Leste, come\u00e7a a funcionar na pr\u00f3xima semana e beneficiar\u00e1 mais de 100 mil habitantes"},"content":{"rendered":"<p><img loading=\"lazy\" class=\"alignnone size-medium wp-image-216546\" src=\"https:\/\/rna.ao\/rna.ao\/wp-content\/uploads\/2026\/05\/IMG_8792-770x576.jpeg\" alt=\"\" width=\"770\" height=\"576\" srcset=\"https:\/\/rna.ao\/rna.ao\/wp-content\/uploads\/2026\/05\/IMG_8792-770x576.jpeg 770w, https:\/\/rna.ao\/rna.ao\/wp-content\/uploads\/2026\/05\/IMG_8792-1170x875.jpeg 1170w, https:\/\/rna.ao\/rna.ao\/wp-content\/uploads\/2026\/05\/IMG_8792-768x574.jpeg 768w, https:\/\/rna.ao\/rna.ao\/wp-content\/uploads\/2026\/05\/IMG_8792.jpeg 1284w\" sizes=\"(max-width: 770px) 100vw, 770px\" \/>A central fotovoltaica do munic\u00edpio do Luau, na prov\u00edncia do Moxico Leste, entra em funcionamento a partir da pr\u00f3xima semana.<\/p>\n<p>O empreendimento, que vai beneficiar mais de cem mil habitantes, dever\u00e1 impulsionar o desenvolvimento econ\u00f3mico da prov\u00edncia. Jornalista Rafael Dami\u00e3o. Clique no \u00e1udio e ou\u00e7a:<\/p>\n\t<div class=\"qtmplayer-playlist-large\">\n\t\t<ul class=\"qtmplayer-playlist\">\n\t\t\t\n\t\t\t\t\t<li class=\"qtmplayer-trackitem\">\n\t\t<img src=\"https:\/\/rna.ao\/rna.ao\/wp-content\/uploads\/2026\/05\/IMG_8792-100x100.jpeg\" alt=\"cover\">\t\t<span \t\t\tdata-qtmplayer-cover=\"https:\/\/rna.ao\/rna.ao\/wp-content\/uploads\/2026\/05\/IMG_8792-370x370.jpeg\"\n\t\t\t\t\t\tdata-qtmplayer-file=\"https:\/\/rna.ao\/rna.ao\/wp-content\/uploads\/2026\/05\/MOXICO-FOTOVOLTAICO-13-HRS.mp3\"\n\t\t\t\t\t\tdata-qtmplayer-title=\"Central fotovoltaica do Luau, no Moxico Leste, come\u00e7a a funcionar na pr\u00f3xima semana e beneficiar\u00e1 mais de 100 mil habitantes\"\n\t\t\t\t\t\tdata-qtmplayer-artist=\"Juliana Nunes\"\n\t\t\t\t\t\tdata-qtmplayer-link=\"https:\/\/rna.ao\/rna.ao\/2026\/05\/01\/central-fotovoltaica-do-luau-no-moxico-leste-comeca-a-funcionar-na-proxima-semana-e-beneficiara-mais-de-100-mil-habitantes\/\"\n\t\t\t\t\t\tdata-qtmplayer-icon=\"file_download\"\n\t\t\t\t\t\tdata-qtmplayer-type=\"track\"\n\t\t\t class=\"qtmplayer-play qtmplayer-link-sec qtmplayer-play-btn\"><i class='material-icons'>play_arrow<\/i><\/span>\n\t\t<p>\n\t\t\t<span class=\"qtmplayer-tit\">Central fotovoltaica do Luau, no Moxico Leste, come\u00e7a a funcionar na pr\u00f3xima semana e beneficiar\u00e1 mais de 100 mil habitantes<\/span>\n\t\t\t<span class=\"qtmplayer-art\">Juliana Nunes<\/span>\n\t\t<\/p>\n\t<\/li>\n\t\t<\/ul>\n\t<\/div>\t\t\t\n\t\n","protected":false},"excerpt":{"rendered":"<p>A central fotovoltaica do munic\u00edpio do Luau, na prov\u00edncia do Moxico Leste, entra em funcionamento a partir da pr\u00f3xima semana. O empreendimento, que vai beneficiar mais de cem mil habitantes, dever\u00e1 impulsionar o desenvolvimento econ\u00f3mico da prov\u00edncia. Jornalista Rafael Dami\u00e3o. Clique no \u00e1udio e ou\u00e7a:<\/p>\n","protected":false},"author":16,"featured_media":216546,"comment_status":"closed","ping_status":"closed","sticky":false,"template":"","format":"standard","meta":[],"categories":[142,121,164,163,1],"tags":[],"_links":{"self":[{"href":"https:\/\/rna.ao\/rna.ao\/wp-json\/wp\/v2\/posts\/216545"}],"collection":[{"href":"https:\/\/rna.ao\/rna.ao\/wp-json\/wp\/v2\/posts"}],"about":[{"href":"https:\/\/rna.ao\/rna.ao\/wp-json\/wp\/v2\/types\/post"}],"author":[{"embeddable":true,"href":"https:\/\/rna.ao\/rna.ao\/wp-json\/wp\/v2\/users\/16"}],"replies":[{"embeddable":true,"href":"https:\/\/rna.ao\/rna.ao\/wp-json\/wp\/v2\/comments?post=216545"}],"version-history":[{"count":2,"href":"https:\/\/rna.ao\/rna.ao\/wp-json\/wp\/v2\/posts\/216545\/revisions"}],"predecessor-version":[{"id":216549,"href":"https:\/\/rna.ao\/rna.ao\/wp-json\/wp\/v2\/posts\/216545\/revisions\/216549"}],"wp:featuredmedia":[{"embeddable":true,"href":"https:\/\/rna.ao\/rna.ao\/wp-json\/wp\/v2\/media\/216546"}],"wp:attachment":[{"href":"https:\/\/rna.ao\/rna.ao\/wp-json\/wp\/v2\/media?parent=216545"}],"wp:term":[{"taxonomy":"category","embeddable":true,"href":"https:\/\/rna.ao\/rna.ao\/wp-json\/wp\/v2\/categories?post=216545"},{"taxonomy":"post_tag","embeddable":true,"href":"https:\/\/rna.ao\/rna.ao\/wp-json\/wp\/v2\/tags?post=216545"}],"curies":[{"name":"wp","href":"https:\/\/api.w.org\/{rel}","templated":true}]}}