{"id":216528,"date":"2026-05-01T13:05:41","date_gmt":"2026-05-01T12:05:41","guid":{"rendered":"https:\/\/rna.ao\/rna.ao\/?p=216528"},"modified":"2026-05-01T13:07:42","modified_gmt":"2026-05-01T12:07:42","slug":"presidente-joao-lourenco-recebe-chefe-da-diplomacia-do-japao","status":"publish","type":"post","link":"https:\/\/rna.ao\/rna.ao\/2026\/05\/01\/presidente-joao-lourenco-recebe-chefe-da-diplomacia-do-japao\/","title":{"rendered":"Presidente Jo\u00e3o Louren\u00e7o recebe chefe da diplomacia do Jap\u00e3o"},"content":{"rendered":"<p><img loading=\"lazy\" class=\"alignnone size-medium wp-image-216529\" src=\"https:\/\/rna.ao\/rna.ao\/wp-content\/uploads\/2026\/05\/IMG_8783-770x514.jpeg\" alt=\"\" width=\"770\" height=\"514\" srcset=\"https:\/\/rna.ao\/rna.ao\/wp-content\/uploads\/2026\/05\/IMG_8783-770x514.jpeg 770w, https:\/\/rna.ao\/rna.ao\/wp-content\/uploads\/2026\/05\/IMG_8783-1170x781.jpeg 1170w, https:\/\/rna.ao\/rna.ao\/wp-content\/uploads\/2026\/05\/IMG_8783-768x512.jpeg 768w, https:\/\/rna.ao\/rna.ao\/wp-content\/uploads\/2026\/05\/IMG_8783.jpeg 1280w\" sizes=\"(max-width: 770px) 100vw, 770px\" \/>O Presidente Jo\u00e3o Louren\u00e7o recebeu, na Cidade Alta, o chefe da diplomacia do Jap\u00e3o.<\/p>\n<p>Motegi Toshimitsu chegou ontem \u00e0 noite a Luanda para uma visita de 48 horas que visa o refor\u00e7o da coopera\u00e7\u00e3o.<\/p>\n<p>As rela\u00e7\u00f5es entre Angola e o Jap\u00e3o foram estabelecidas h\u00e1 50 anos. Actualmente, os dois pa\u00edses cooperam nos sectores da Sa\u00fade, Forma\u00e7\u00e3o Profissional, Agricultura, Telecomunica\u00e7\u00f5es e Energia. Jornalista Sany Fuche. Clique no \u00e1udio e ou\u00e7a:<\/p>\n\t<div class=\"qtmplayer-playlist-large\">\n\t\t<ul class=\"qtmplayer-playlist\">\n\t\t\t\n\t\t\t\t\t<li class=\"qtmplayer-trackitem\">\n\t\t<img src=\"https:\/\/rna.ao\/rna.ao\/wp-content\/uploads\/2026\/05\/IMG_8784-100x100.jpeg\" alt=\"cover\">\t\t<span \t\t\tdata-qtmplayer-cover=\"https:\/\/rna.ao\/rna.ao\/wp-content\/uploads\/2026\/05\/IMG_8784-370x370.jpeg\"\n\t\t\t\t\t\tdata-qtmplayer-file=\"https:\/\/rna.ao\/rna.ao\/wp-content\/uploads\/2026\/05\/SANY-FUCHI-COOPERACAO-JAPAO-13HRS.mp3\"\n\t\t\t\t\t\tdata-qtmplayer-title=\"Presidente Jo\u00e3o Louren\u00e7o recebe chefe da diplomacia do Jap\u00e3o\"\n\t\t\t\t\t\tdata-qtmplayer-artist=\"Juliana Nunes\"\n\t\t\t\t\t\tdata-qtmplayer-link=\"https:\/\/rna.ao\/rna.ao\/2026\/05\/01\/presidente-joao-lourenco-recebe-chefe-da-diplomacia-do-japao\/\"\n\t\t\t\t\t\tdata-qtmplayer-icon=\"file_download\"\n\t\t\t\t\t\tdata-qtmplayer-type=\"track\"\n\t\t\t class=\"qtmplayer-play qtmplayer-link-sec qtmplayer-play-btn\"><i class='material-icons'>play_arrow<\/i><\/span>\n\t\t<p>\n\t\t\t<span class=\"qtmplayer-tit\">Presidente Jo\u00e3o Louren\u00e7o recebe chefe da diplomacia do Jap\u00e3o<\/span>\n\t\t\t<span class=\"qtmplayer-art\">Juliana Nunes<\/span>\n\t\t<\/p>\n\t<\/li>\n\t\t<\/ul>\n\t<\/div>\t\t\t\n\t\n<p>&nbsp;<\/p>\n","protected":false},"excerpt":{"rendered":"<p>O Presidente Jo\u00e3o Louren\u00e7o recebeu, na Cidade Alta, o chefe da diplomacia do Jap\u00e3o. Motegi Toshimitsu chegou ontem \u00e0 noite a Luanda para uma visita de 48 horas que visa o refor\u00e7o da coopera\u00e7\u00e3o. As rela\u00e7\u00f5es entre Angola e o Jap\u00e3o foram estabelecidas h\u00e1 50 anos. Actualmente, os dois pa\u00edses ...<\/p>\n","protected":false},"author":16,"featured_media":216530,"comment_status":"closed","ping_status":"closed","sticky":false,"template":"","format":"standard","meta":[],"categories":[142,121,164,163,1],"tags":[],"_links":{"self":[{"href":"https:\/\/rna.ao\/rna.ao\/wp-json\/wp\/v2\/posts\/216528"}],"collection":[{"href":"https:\/\/rna.ao\/rna.ao\/wp-json\/wp\/v2\/posts"}],"about":[{"href":"https:\/\/rna.ao\/rna.ao\/wp-json\/wp\/v2\/types\/post"}],"author":[{"embeddable":true,"href":"https:\/\/rna.ao\/rna.ao\/wp-json\/wp\/v2\/users\/16"}],"replies":[{"embeddable":true,"href":"https:\/\/rna.ao\/rna.ao\/wp-json\/wp\/v2\/comments?post=216528"}],"version-history":[{"count":2,"href":"https:\/\/rna.ao\/rna.ao\/wp-json\/wp\/v2\/posts\/216528\/revisions"}],"predecessor-version":[{"id":216534,"href":"https:\/\/rna.ao\/rna.ao\/wp-json\/wp\/v2\/posts\/216528\/revisions\/216534"}],"wp:featuredmedia":[{"embeddable":true,"href":"https:\/\/rna.ao\/rna.ao\/wp-json\/wp\/v2\/media\/216530"}],"wp:attachment":[{"href":"https:\/\/rna.ao\/rna.ao\/wp-json\/wp\/v2\/media?parent=216528"}],"wp:term":[{"taxonomy":"category","embeddable":true,"href":"https:\/\/rna.ao\/rna.ao\/wp-json\/wp\/v2\/categories?post=216528"},{"taxonomy":"post_tag","embeddable":true,"href":"https:\/\/rna.ao\/rna.ao\/wp-json\/wp\/v2\/tags?post=216528"}],"curies":[{"name":"wp","href":"https:\/\/api.w.org\/{rel}","templated":true}]}}