{"id":216520,"date":"2026-05-01T10:46:31","date_gmt":"2026-05-01T09:46:31","guid":{"rendered":"https:\/\/rna.ao\/rna.ao\/?p=216520"},"modified":"2026-05-01T10:46:31","modified_gmt":"2026-05-01T09:46:31","slug":"angola-apresenta-candidatura-de-josefa-sacko-a-lideranca-da-fao-na-australia","status":"publish","type":"post","link":"https:\/\/rna.ao\/rna.ao\/2026\/05\/01\/angola-apresenta-candidatura-de-josefa-sacko-a-lideranca-da-fao-na-australia\/","title":{"rendered":"Angola apresenta candidatura de Josefa Sacko \u00e0 lideran\u00e7a da FAO na Austr\u00e1lia"},"content":{"rendered":"<p><img loading=\"lazy\" class=\"alignnone size-medium wp-image-216521\" src=\"https:\/\/rna.ao\/rna.ao\/wp-content\/uploads\/2026\/05\/67245690-2767-4faa-82f1-0d9e6375e571-576x770.jpeg\" alt=\"\" width=\"576\" height=\"770\" srcset=\"https:\/\/rna.ao\/rna.ao\/wp-content\/uploads\/2026\/05\/67245690-2767-4faa-82f1-0d9e6375e571-576x770.jpeg 576w, https:\/\/rna.ao\/rna.ao\/wp-content\/uploads\/2026\/05\/67245690-2767-4faa-82f1-0d9e6375e571-876x1170.jpeg 876w, https:\/\/rna.ao\/rna.ao\/wp-content\/uploads\/2026\/05\/67245690-2767-4faa-82f1-0d9e6375e571-768x1026.jpeg 768w, https:\/\/rna.ao\/rna.ao\/wp-content\/uploads\/2026\/05\/67245690-2767-4faa-82f1-0d9e6375e571.jpeg 958w\" sizes=\"(max-width: 576px) 100vw, 576px\" \/>A Embaixada da Rep\u00fablica de Angola na Comunidade da Austr\u00e1lia apresentou, em Camberra, ao corpo diplom\u00e1tico africano acreditado naquele pa\u00eds, a candidatura da embaixadora angolana Josefa Leonel Correia Sacko ao cargo de directora-geral da Organiza\u00e7\u00e3o das Na\u00e7\u00f5es Unidas para a Alimenta\u00e7\u00e3o e Agricultura.<\/p>\n<p>A apresenta\u00e7\u00e3o foi feita pelo chefe da miss\u00e3o diplom\u00e1tica angolana na Austr\u00e1lia, Ant\u00f3nio Luvualu de Carvalho, durante uma reuni\u00e3o do grupo de embaixadores africanos acreditados naquele pa\u00eds, realizada na embaixada da Rep\u00fablica \u00c1rabe do Egipto, sob coordena\u00e7\u00e3o do embaixador Hani Mohamed Nagi Abdelhamid.<\/p>\n<p>Na ocasi\u00e3o, o diplomata angolano destacou a relev\u00e2ncia da candidatura, recordando o posicionamento do ministro das Rela\u00e7\u00f5es Exteriores de Angola, T\u00e9te Ant\u00f3nio, que defende a necessidade de a FAO ser liderada por uma figura capaz de promover respostas eficazes e inclusivas face aos desafios globais da alimenta\u00e7\u00e3o e agricultura.<\/p>\n<p>Durante o encontro, Ant\u00f3nio Luvualu de Carvalho apelou aos chefes de miss\u00e3o africanos para que levem a candidatura ao conhecimento dos respectivos pa\u00edses, solicitando o seu apoio.<\/p>\n<p>Actualmente em fun\u00e7\u00f5es como embaixadora extraordin\u00e1ria e plenipotenci\u00e1ria de Angola na It\u00e1lia e representante junto da FAO, em Roma, Josefa Sacko possui uma vasta experi\u00eancia no sector agr\u00edcola e na coopera\u00e7\u00e3o internacional.<\/p>\n<p>J\u00e1 desempenhou fun\u00e7\u00f5es como comiss\u00e1ria para a Economia Rural e Agricultura na Comiss\u00e3o da Uni\u00e3o Africana, al\u00e9m de ter sido assessora especial do ministro da Agricultura de Angola.<\/p>\n<p>Ao longo de 13 anos, liderou a Organiza\u00e7\u00e3o Interafricana do Caf\u00e9, onde supervisionou a economia cafeeira de 25 pa\u00edses africanos, tendo promovido programas de capacita\u00e7\u00e3o e criado centros regionais de excel\u00eancia em pa\u00edses como Costa do Marfim, Uganda, Camar\u00f5es e Z\u00e2mbia.<\/p>\n<p>A apresenta\u00e7\u00e3o da candidatura angolana dever\u00e1 prosseguir nos pa\u00edses de acredita\u00e7\u00e3o da miss\u00e3o diplom\u00e1tica na regi\u00e3o da Oce\u00e2nia.<\/p>\n","protected":false},"excerpt":{"rendered":"<p>A Embaixada da Rep\u00fablica de Angola na Comunidade da Austr\u00e1lia apresentou, em Camberra, ao corpo diplom\u00e1tico africano acreditado naquele pa\u00eds, a candidatura da embaixadora angolana Josefa Leonel Correia Sacko ao cargo de directora-geral da Organiza\u00e7\u00e3o das Na\u00e7\u00f5es Unidas para a Alimenta\u00e7\u00e3o e Agricultura. A apresenta\u00e7\u00e3o foi feita pelo chefe da ...<\/p>\n","protected":false},"author":16,"featured_media":216521,"comment_status":"closed","ping_status":"closed","sticky":false,"template":"","format":"standard","meta":[],"categories":[142,121,164],"tags":[],"_links":{"self":[{"href":"https:\/\/rna.ao\/rna.ao\/wp-json\/wp\/v2\/posts\/216520"}],"collection":[{"href":"https:\/\/rna.ao\/rna.ao\/wp-json\/wp\/v2\/posts"}],"about":[{"href":"https:\/\/rna.ao\/rna.ao\/wp-json\/wp\/v2\/types\/post"}],"author":[{"embeddable":true,"href":"https:\/\/rna.ao\/rna.ao\/wp-json\/wp\/v2\/users\/16"}],"replies":[{"embeddable":true,"href":"https:\/\/rna.ao\/rna.ao\/wp-json\/wp\/v2\/comments?post=216520"}],"version-history":[{"count":1,"href":"https:\/\/rna.ao\/rna.ao\/wp-json\/wp\/v2\/posts\/216520\/revisions"}],"predecessor-version":[{"id":216522,"href":"https:\/\/rna.ao\/rna.ao\/wp-json\/wp\/v2\/posts\/216520\/revisions\/216522"}],"wp:featuredmedia":[{"embeddable":true,"href":"https:\/\/rna.ao\/rna.ao\/wp-json\/wp\/v2\/media\/216521"}],"wp:attachment":[{"href":"https:\/\/rna.ao\/rna.ao\/wp-json\/wp\/v2\/media?parent=216520"}],"wp:term":[{"taxonomy":"category","embeddable":true,"href":"https:\/\/rna.ao\/rna.ao\/wp-json\/wp\/v2\/categories?post=216520"},{"taxonomy":"post_tag","embeddable":true,"href":"https:\/\/rna.ao\/rna.ao\/wp-json\/wp\/v2\/tags?post=216520"}],"curies":[{"name":"wp","href":"https:\/\/api.w.org\/{rel}","templated":true}]}}