{"id":216515,"date":"2026-05-01T10:28:13","date_gmt":"2026-05-01T09:28:13","guid":{"rendered":"https:\/\/rna.ao\/rna.ao\/?p=216515"},"modified":"2026-05-01T10:28:13","modified_gmt":"2026-05-01T09:28:13","slug":"presidente-joao-lourenco-sauda-trabalhadores-angolanos-pelo-dia-internacional-do-trabalhador","status":"publish","type":"post","link":"https:\/\/rna.ao\/rna.ao\/2026\/05\/01\/presidente-joao-lourenco-sauda-trabalhadores-angolanos-pelo-dia-internacional-do-trabalhador\/","title":{"rendered":"Presidente Jo\u00e3o Louren\u00e7o sa\u00fada trabalhadores angolanos pelo Dia Internacional do Trabalhador"},"content":{"rendered":"<p><img loading=\"lazy\" class=\"alignnone size-medium wp-image-216516\" src=\"https:\/\/rna.ao\/rna.ao\/wp-content\/uploads\/2026\/05\/IMG_8773-770x646.jpeg\" alt=\"\" width=\"770\" height=\"646\" srcset=\"https:\/\/rna.ao\/rna.ao\/wp-content\/uploads\/2026\/05\/IMG_8773-770x646.jpeg 770w, https:\/\/rna.ao\/rna.ao\/wp-content\/uploads\/2026\/05\/IMG_8773-768x644.jpeg 768w, https:\/\/rna.ao\/rna.ao\/wp-content\/uploads\/2026\/05\/IMG_8773.jpeg 1024w\" sizes=\"(max-width: 770px) 100vw, 770px\" \/>O Presidente da Rep\u00fablica, Jo\u00e3o Louren\u00e7o, saudou esta sexta-feira os trabalhadores angolanos por ocasi\u00e3o do Dia Internacional do Trabalhador, assinalado a 1 de Maio em todo o mundo.<\/p>\n<p>Numa mensagem alusiva \u00e0 data, o Chefe de Estado destacou o valor e o empenho dos trabalhadores que, com o seu esfor\u00e7o, muitas vezes an\u00f3nimo e subvalorizado, garantem a produ\u00e7\u00e3o de bens e servi\u00e7os essenciais \u00e0 exist\u00eancia humana.<\/p>\n<p>Jo\u00e3o Louren\u00e7o sublinhou que a efem\u00e9ride constitui igualmente um momento de celebra\u00e7\u00e3o dos la\u00e7os de solidariedade e fraternidade entre os trabalhadores, independentemente das fronteiras geogr\u00e1ficas ou dos sistemas de governa\u00e7\u00e3o.<\/p>\n<p>O Presidente da Rep\u00fablica real\u00e7ou ainda o papel fundamental dos trabalhadores no funcionamento das sociedades, considerando-os a base produtiva e o elo org\u00e2nico da estrutura social.<\/p>\n<p>No contexto nacional, o Chefe de Estado reafirmou que o Executivo reconhece a import\u00e2ncia da ac\u00e7\u00e3o desenvolvida pelos trabalhadores e tem vindo a envidar esfor\u00e7os, apesar das dificuldades, para melhorar as suas condi\u00e7\u00f5es de vida e das respectivas fam\u00edlias, garantir o acesso a empregos dignamente remunerados e refor\u00e7ar a legisla\u00e7\u00e3o laboral contra todas as formas de explora\u00e7\u00e3o.<\/p>\n<p>Na sua mensagem, Jo\u00e3o Louren\u00e7o endere\u00e7ou uma sauda\u00e7\u00e3o a todos os trabalhadores e trabalhadoras angolanos, reconhecendo o contributo que prestam, em diferentes sectores, para o desenvolvimento e a projec\u00e7\u00e3o internacional de Angola.<\/p>\n","protected":false},"excerpt":{"rendered":"<p>O Presidente da Rep\u00fablica, Jo\u00e3o Louren\u00e7o, saudou esta sexta-feira os trabalhadores angolanos por ocasi\u00e3o do Dia Internacional do Trabalhador, assinalado a 1 de Maio em todo o mundo. Numa mensagem alusiva \u00e0 data, o Chefe de Estado destacou o valor e o empenho dos trabalhadores que, com o seu esfor\u00e7o, ...<\/p>\n","protected":false},"author":16,"featured_media":216516,"comment_status":"closed","ping_status":"closed","sticky":false,"template":"","format":"standard","meta":[],"categories":[142,121,164,163],"tags":[],"_links":{"self":[{"href":"https:\/\/rna.ao\/rna.ao\/wp-json\/wp\/v2\/posts\/216515"}],"collection":[{"href":"https:\/\/rna.ao\/rna.ao\/wp-json\/wp\/v2\/posts"}],"about":[{"href":"https:\/\/rna.ao\/rna.ao\/wp-json\/wp\/v2\/types\/post"}],"author":[{"embeddable":true,"href":"https:\/\/rna.ao\/rna.ao\/wp-json\/wp\/v2\/users\/16"}],"replies":[{"embeddable":true,"href":"https:\/\/rna.ao\/rna.ao\/wp-json\/wp\/v2\/comments?post=216515"}],"version-history":[{"count":1,"href":"https:\/\/rna.ao\/rna.ao\/wp-json\/wp\/v2\/posts\/216515\/revisions"}],"predecessor-version":[{"id":216518,"href":"https:\/\/rna.ao\/rna.ao\/wp-json\/wp\/v2\/posts\/216515\/revisions\/216518"}],"wp:featuredmedia":[{"embeddable":true,"href":"https:\/\/rna.ao\/rna.ao\/wp-json\/wp\/v2\/media\/216516"}],"wp:attachment":[{"href":"https:\/\/rna.ao\/rna.ao\/wp-json\/wp\/v2\/media?parent=216515"}],"wp:term":[{"taxonomy":"category","embeddable":true,"href":"https:\/\/rna.ao\/rna.ao\/wp-json\/wp\/v2\/categories?post=216515"},{"taxonomy":"post_tag","embeddable":true,"href":"https:\/\/rna.ao\/rna.ao\/wp-json\/wp\/v2\/tags?post=216515"}],"curies":[{"name":"wp","href":"https:\/\/api.w.org\/{rel}","templated":true}]}}