{"id":216508,"date":"2026-05-01T10:20:16","date_gmt":"2026-05-01T09:20:16","guid":{"rendered":"https:\/\/rna.ao\/rna.ao\/?p=216508"},"modified":"2026-05-01T10:21:00","modified_gmt":"2026-05-01T09:21:00","slug":"angola-e-mocambique-avaliam-cooperacao-bilateral-e-reforco-das-relacoes-institucionais","status":"publish","type":"post","link":"https:\/\/rna.ao\/rna.ao\/2026\/05\/01\/angola-e-mocambique-avaliam-cooperacao-bilateral-e-reforco-das-relacoes-institucionais\/","title":{"rendered":"Angola e Mo\u00e7ambique avaliam coopera\u00e7\u00e3o bilateral e refor\u00e7o das rela\u00e7\u00f5es institucionais"},"content":{"rendered":"<p><img loading=\"lazy\" class=\"alignnone size-medium wp-image-216509\" src=\"https:\/\/rna.ao\/rna.ao\/wp-content\/uploads\/2026\/05\/IMG_8770-770x514.jpeg\" alt=\"\" width=\"770\" height=\"514\" srcset=\"https:\/\/rna.ao\/rna.ao\/wp-content\/uploads\/2026\/05\/IMG_8770-770x514.jpeg 770w, https:\/\/rna.ao\/rna.ao\/wp-content\/uploads\/2026\/05\/IMG_8770-1170x781.jpeg 1170w, https:\/\/rna.ao\/rna.ao\/wp-content\/uploads\/2026\/05\/IMG_8770-768x512.jpeg 768w, https:\/\/rna.ao\/rna.ao\/wp-content\/uploads\/2026\/05\/IMG_8770.jpeg 1280w\" sizes=\"(max-width: 770px) 100vw, 770px\" \/>Angola e Mo\u00e7ambique avaliaram o estado actual da coopera\u00e7\u00e3o bilateral entre Luanda e Maputo, com destaque para o refor\u00e7o das rela\u00e7\u00f5es institucionais entre os respectivos parlamentos.<\/p>\n<p>O Presidente da Assembleia Nacional, Ad\u00e3o de Almeida, foi recebido, nesta quinta-feira, pelo Presidente de Mo\u00e7ambique, Daniel Chapo, tendo ambos passado em revista o estado da coopera\u00e7\u00e3o entre os dois pa\u00edses.<\/p>\n<p>Segundo Ad\u00e3o de Almeida, durante a audi\u00eancia com Daniel Chapo foi igualmente real\u00e7ada a necessidade de ampliar a coopera\u00e7\u00e3o em outros dom\u00ednios estrat\u00e9gicos, incluindo a economia, a forma\u00e7\u00e3o de quadros e a promo\u00e7\u00e3o de contactos entre os povos. Clique no \u00e1udio e ou\u00e7a:<\/p>\n\t<div class=\"qtmplayer-playlist-large\">\n\t\t<ul class=\"qtmplayer-playlist\">\n\t\t\t\n\t\t\t\t\t<li class=\"qtmplayer-trackitem\">\n\t\t<img src=\"https:\/\/rna.ao\/rna.ao\/wp-content\/uploads\/2026\/05\/IMG_8771-100x100.jpeg\" alt=\"cover\">\t\t<span \t\t\tdata-qtmplayer-cover=\"https:\/\/rna.ao\/rna.ao\/wp-content\/uploads\/2026\/05\/IMG_8771-370x370.jpeg\"\n\t\t\t\t\t\tdata-qtmplayer-file=\"https:\/\/rna.ao\/rna.ao\/wp-content\/uploads\/2026\/05\/ADAO-DE-ALMEIDA-07-HRS.mp3\"\n\t\t\t\t\t\tdata-qtmplayer-title=\"Angola e Mo\u00e7ambique avaliam coopera\u00e7\u00e3o bilateral e refor\u00e7o das rela\u00e7\u00f5es institucionais\"\n\t\t\t\t\t\tdata-qtmplayer-artist=\"Juliana Nunes\"\n\t\t\t\t\t\tdata-qtmplayer-link=\"https:\/\/rna.ao\/rna.ao\/2026\/05\/01\/angola-e-mocambique-avaliam-cooperacao-bilateral-e-reforco-das-relacoes-institucionais\/\"\n\t\t\t\t\t\tdata-qtmplayer-icon=\"file_download\"\n\t\t\t\t\t\tdata-qtmplayer-type=\"track\"\n\t\t\t class=\"qtmplayer-play qtmplayer-link-sec qtmplayer-play-btn\"><i class='material-icons'>play_arrow<\/i><\/span>\n\t\t<p>\n\t\t\t<span class=\"qtmplayer-tit\">Angola e Mo\u00e7ambique avaliam coopera\u00e7\u00e3o bilateral e refor\u00e7o das rela\u00e7\u00f5es institucionais<\/span>\n\t\t\t<span class=\"qtmplayer-art\">Juliana Nunes<\/span>\n\t\t<\/p>\n\t<\/li>\n\t\t<\/ul>\n\t<\/div>\t\t\t\n\t\n","protected":false},"excerpt":{"rendered":"<p>Angola e Mo\u00e7ambique avaliaram o estado actual da coopera\u00e7\u00e3o bilateral entre Luanda e Maputo, com destaque para o refor\u00e7o das rela\u00e7\u00f5es institucionais entre os respectivos parlamentos. O Presidente da Assembleia Nacional, Ad\u00e3o de Almeida, foi recebido, nesta quinta-feira, pelo Presidente de Mo\u00e7ambique, Daniel Chapo, tendo ambos passado em revista o ...<\/p>\n","protected":false},"author":16,"featured_media":216510,"comment_status":"closed","ping_status":"closed","sticky":false,"template":"","format":"standard","meta":[],"categories":[142,121,164,1],"tags":[],"_links":{"self":[{"href":"https:\/\/rna.ao\/rna.ao\/wp-json\/wp\/v2\/posts\/216508"}],"collection":[{"href":"https:\/\/rna.ao\/rna.ao\/wp-json\/wp\/v2\/posts"}],"about":[{"href":"https:\/\/rna.ao\/rna.ao\/wp-json\/wp\/v2\/types\/post"}],"author":[{"embeddable":true,"href":"https:\/\/rna.ao\/rna.ao\/wp-json\/wp\/v2\/users\/16"}],"replies":[{"embeddable":true,"href":"https:\/\/rna.ao\/rna.ao\/wp-json\/wp\/v2\/comments?post=216508"}],"version-history":[{"count":2,"href":"https:\/\/rna.ao\/rna.ao\/wp-json\/wp\/v2\/posts\/216508\/revisions"}],"predecessor-version":[{"id":216513,"href":"https:\/\/rna.ao\/rna.ao\/wp-json\/wp\/v2\/posts\/216508\/revisions\/216513"}],"wp:featuredmedia":[{"embeddable":true,"href":"https:\/\/rna.ao\/rna.ao\/wp-json\/wp\/v2\/media\/216510"}],"wp:attachment":[{"href":"https:\/\/rna.ao\/rna.ao\/wp-json\/wp\/v2\/media?parent=216508"}],"wp:term":[{"taxonomy":"category","embeddable":true,"href":"https:\/\/rna.ao\/rna.ao\/wp-json\/wp\/v2\/categories?post=216508"},{"taxonomy":"post_tag","embeddable":true,"href":"https:\/\/rna.ao\/rna.ao\/wp-json\/wp\/v2\/tags?post=216508"}],"curies":[{"name":"wp","href":"https:\/\/api.w.org\/{rel}","templated":true}]}}