{"id":216499,"date":"2026-05-01T09:53:36","date_gmt":"2026-05-01T08:53:36","guid":{"rendered":"https:\/\/rna.ao\/rna.ao\/?p=216499"},"modified":"2026-05-01T09:53:36","modified_gmt":"2026-05-01T08:53:36","slug":"presidente-da-republica-nomeia-brigadeiro-manuel-gouveia-para-o-cargo-de-director-do-gabinete-do-ministro-de-estado-e-chefe-da-casa-militar","status":"publish","type":"post","link":"https:\/\/rna.ao\/rna.ao\/2026\/05\/01\/presidente-da-republica-nomeia-brigadeiro-manuel-gouveia-para-o-cargo-de-director-do-gabinete-do-ministro-de-estado-e-chefe-da-casa-militar\/","title":{"rendered":"Presidente da Rep\u00fablica nomeia Brigadeiro Manuel Gouveia para o cargo de Director do Gabinete do Ministro de Estado e Chefe da Casa Militar"},"content":{"rendered":"<p><img loading=\"lazy\" class=\"alignnone size-medium wp-image-216500\" src=\"https:\/\/rna.ao\/rna.ao\/wp-content\/uploads\/2026\/05\/e1740c39-7f36-44a4-b0b7-f30f162c9317-770x514.jpeg\" alt=\"\" width=\"770\" height=\"514\" srcset=\"https:\/\/rna.ao\/rna.ao\/wp-content\/uploads\/2026\/05\/e1740c39-7f36-44a4-b0b7-f30f162c9317-770x514.jpeg 770w, https:\/\/rna.ao\/rna.ao\/wp-content\/uploads\/2026\/05\/e1740c39-7f36-44a4-b0b7-f30f162c9317-768x513.jpeg 768w, https:\/\/rna.ao\/rna.ao\/wp-content\/uploads\/2026\/05\/e1740c39-7f36-44a4-b0b7-f30f162c9317.jpeg 800w\" sizes=\"(max-width: 770px) 100vw, 770px\" \/>O Presidente da Rep\u00fablica, Jo\u00e3o Louren\u00e7o, nos termos da Constitui\u00e7\u00e3o da Rep\u00fablica de Angola, exonerou esta sexta-feira, 30 de abril, os seguintes oficiais-generais:<\/p>\n<p>Tenente-General Jo\u00e3o da Silva Mendon\u00e7a, do cargo de Director do Gabinete do Ministro de Estado e Chefe da Casa Militar do Presidente da Rep\u00fablica;<\/p>\n<p>Brigadeiro Manuel Gouveia, do cargo de Director do Gabinete do Ministro da Defesa Nacional, Antigos Combatentes e Veteranos da P\u00e1tria.<\/p>\n<p>O Presidente da Rep\u00fablica nomeou o Brigadeiro Manuel Gouveia para o cargo de Director do Gabinete do Ministro de Estado e Chefe da Casa Militar do Presidente da Rep\u00fablica.<\/p>\n","protected":false},"excerpt":{"rendered":"<p>O Presidente da Rep\u00fablica, Jo\u00e3o Louren\u00e7o, nos termos da Constitui\u00e7\u00e3o da Rep\u00fablica de Angola, exonerou esta sexta-feira, 30 de abril, os seguintes oficiais-generais: Tenente-General Jo\u00e3o da Silva Mendon\u00e7a, do cargo de Director do Gabinete do Ministro de Estado e Chefe da Casa Militar do Presidente da Rep\u00fablica; Brigadeiro Manuel Gouveia, ...<\/p>\n","protected":false},"author":16,"featured_media":216500,"comment_status":"closed","ping_status":"closed","sticky":false,"template":"","format":"standard","meta":[],"categories":[142,121,164],"tags":[],"_links":{"self":[{"href":"https:\/\/rna.ao\/rna.ao\/wp-json\/wp\/v2\/posts\/216499"}],"collection":[{"href":"https:\/\/rna.ao\/rna.ao\/wp-json\/wp\/v2\/posts"}],"about":[{"href":"https:\/\/rna.ao\/rna.ao\/wp-json\/wp\/v2\/types\/post"}],"author":[{"embeddable":true,"href":"https:\/\/rna.ao\/rna.ao\/wp-json\/wp\/v2\/users\/16"}],"replies":[{"embeddable":true,"href":"https:\/\/rna.ao\/rna.ao\/wp-json\/wp\/v2\/comments?post=216499"}],"version-history":[{"count":1,"href":"https:\/\/rna.ao\/rna.ao\/wp-json\/wp\/v2\/posts\/216499\/revisions"}],"predecessor-version":[{"id":216501,"href":"https:\/\/rna.ao\/rna.ao\/wp-json\/wp\/v2\/posts\/216499\/revisions\/216501"}],"wp:featuredmedia":[{"embeddable":true,"href":"https:\/\/rna.ao\/rna.ao\/wp-json\/wp\/v2\/media\/216500"}],"wp:attachment":[{"href":"https:\/\/rna.ao\/rna.ao\/wp-json\/wp\/v2\/media?parent=216499"}],"wp:term":[{"taxonomy":"category","embeddable":true,"href":"https:\/\/rna.ao\/rna.ao\/wp-json\/wp\/v2\/categories?post=216499"},{"taxonomy":"post_tag","embeddable":true,"href":"https:\/\/rna.ao\/rna.ao\/wp-json\/wp\/v2\/tags?post=216499"}],"curies":[{"name":"wp","href":"https:\/\/api.w.org\/{rel}","templated":true}]}}