{"id":216477,"date":"2026-05-01T09:10:29","date_gmt":"2026-05-01T08:10:29","guid":{"rendered":"https:\/\/rna.ao\/rna.ao\/?p=216477"},"modified":"2026-05-01T09:11:25","modified_gmt":"2026-05-01T08:11:25","slug":"mundo-assinala-hoje-o-dia-internacional-do-trabalhador-com-reflexoes-sobre-as-condicoes-laborais","status":"publish","type":"post","link":"https:\/\/rna.ao\/rna.ao\/2026\/05\/01\/mundo-assinala-hoje-o-dia-internacional-do-trabalhador-com-reflexoes-sobre-as-condicoes-laborais\/","title":{"rendered":"Mundo assinala hoje o Dia Internacional do Trabalhador com reflex\u00f5es sobre as condi\u00e7\u00f5es laborais"},"content":{"rendered":"<p><img loading=\"lazy\" class=\"alignnone size-full wp-image-216478\" src=\"https:\/\/rna.ao\/rna.ao\/wp-content\/uploads\/2026\/05\/IMG_8759.jpeg\" alt=\"\" width=\"620\" height=\"355\" \/>Assinala-se hoje, 1 de Maio, o Dia Internacional do Trabalhador, uma data que homenageia as conquistas hist\u00f3ricas dos trabalhadores e refor\u00e7a a necessidade de melhores condi\u00e7\u00f5es laborais em todo o mundo.<\/p>\n<p>A origem desta efem\u00e9ride remonta a 1886, nos Estados Unidos da Am\u00e9rica, quando milhares de trabalhadores sa\u00edram \u00e0s ruas para reivindicar a redu\u00e7\u00e3o da jornada de trabalho para oito horas di\u00e1rias. Os protestos culminaram nos acontecimentos de Chicago, que marcaram a luta pelos direitos laborais e deram origem \u00e0 celebra\u00e7\u00e3o global desta data.<\/p>\n<p>Actualmente, o 1.\u00ba de Maio \u00e9 assinalado em v\u00e1rios pa\u00edses com manifesta\u00e7\u00f5es, debates e iniciativas promovidas por sindicatos e organiza\u00e7\u00f5es laborais, que continuam a defender melhores sal\u00e1rios, seguran\u00e7a no trabalho, igualdade de oportunidades e protec\u00e7\u00e3o social.<\/p>\n<p><img loading=\"lazy\" class=\"alignnone size-medium wp-image-216479\" src=\"https:\/\/rna.ao\/rna.ao\/wp-content\/uploads\/2026\/05\/IMG_8760-770x421.jpeg\" alt=\"\" width=\"770\" height=\"421\" srcset=\"https:\/\/rna.ao\/rna.ao\/wp-content\/uploads\/2026\/05\/IMG_8760-770x421.jpeg 770w, https:\/\/rna.ao\/rna.ao\/wp-content\/uploads\/2026\/05\/IMG_8760-768x420.jpeg 768w, https:\/\/rna.ao\/rna.ao\/wp-content\/uploads\/2026\/05\/IMG_8760.jpeg 810w\" sizes=\"(max-width: 770px) 100vw, 770px\" \/>Em Angola, a data \u00e9 tamb\u00e9m um momento de reflex\u00e3o sobre os desafios do mercado de trabalho, como o desemprego, a informalidade e a necessidade de maior valoriza\u00e7\u00e3o da m\u00e3o-de-obra nacional.<\/p>\n<p>Na prov\u00edncia de Malanje, a Uni\u00e3o Sindical mant\u00e9m-se unida em prol do reconhecimento e da valoriza\u00e7\u00e3o laboral, tanto no sector p\u00fablico como no privado. Jornalista Carlos Jorge. Clique no \u00e1udio e ou\u00e7a:<\/p>\n\t<div class=\"qtmplayer-playlist-large\">\n\t\t<ul class=\"qtmplayer-playlist\">\n\t\t\t\n\t\t\t\t\t<li class=\"qtmplayer-trackitem\">\n\t\t<img src=\"https:\/\/rna.ao\/rna.ao\/wp-content\/uploads\/2026\/05\/IMG_8759-100x100.jpeg\" alt=\"cover\">\t\t<span \t\t\tdata-qtmplayer-cover=\"https:\/\/rna.ao\/rna.ao\/wp-content\/uploads\/2026\/05\/IMG_8759.jpeg\"\n\t\t\t\t\t\tdata-qtmplayer-file=\"https:\/\/rna.ao\/rna.ao\/wp-content\/uploads\/2026\/05\/MALANJE-1-DE-MAIO-07-HRS.mp3\"\n\t\t\t\t\t\tdata-qtmplayer-title=\"Mundo assinala hoje o Dia Internacional do Trabalhador com reflex\u00f5es sobre as condi\u00e7\u00f5es laborais\"\n\t\t\t\t\t\tdata-qtmplayer-artist=\"Juliana Nunes\"\n\t\t\t\t\t\tdata-qtmplayer-link=\"https:\/\/rna.ao\/rna.ao\/2026\/05\/01\/mundo-assinala-hoje-o-dia-internacional-do-trabalhador-com-reflexoes-sobre-as-condicoes-laborais\/\"\n\t\t\t\t\t\tdata-qtmplayer-icon=\"file_download\"\n\t\t\t\t\t\tdata-qtmplayer-type=\"track\"\n\t\t\t class=\"qtmplayer-play qtmplayer-link-sec qtmplayer-play-btn\"><i class='material-icons'>play_arrow<\/i><\/span>\n\t\t<p>\n\t\t\t<span class=\"qtmplayer-tit\">Mundo assinala hoje o Dia Internacional do Trabalhador com reflex\u00f5es sobre as condi\u00e7\u00f5es laborais<\/span>\n\t\t\t<span class=\"qtmplayer-art\">Juliana Nunes<\/span>\n\t\t<\/p>\n\t<\/li>\n\t\t<\/ul>\n\t<\/div>\t\t\t\n\t\n<p>Na prov\u00edncia de Benguela, este ano, o Dia Internacional do Trabalhador ser\u00e1 celebrado de forma diferente. N\u00e3o haver\u00e1 o habitual desfile na Pra\u00e7a Primeiro de Maio.<\/p>\n<p>A decis\u00e3o foi tomada pela junta confederal sindical, em solidariedade com as v\u00edtimas das cheias na prov\u00edncia. Jornalista Telma Trindade. Clique no \u00e1udio e ou\u00e7a:<\/p>\n\t<div class=\"qtmplayer-playlist-large\">\n\t\t<ul class=\"qtmplayer-playlist\">\n\t\t\t\n\t\t\t\t\t<li class=\"qtmplayer-trackitem\">\n\t\t<img src=\"https:\/\/rna.ao\/rna.ao\/wp-content\/uploads\/2026\/05\/IMG_8759-100x100.jpeg\" alt=\"cover\">\t\t<span \t\t\tdata-qtmplayer-cover=\"https:\/\/rna.ao\/rna.ao\/wp-content\/uploads\/2026\/05\/IMG_8759.jpeg\"\n\t\t\t\t\t\tdata-qtmplayer-file=\"https:\/\/rna.ao\/rna.ao\/wp-content\/uploads\/2026\/05\/BENGUELA-1-DE-MAIO-07HRS.mp3\"\n\t\t\t\t\t\tdata-qtmplayer-title=\"Mundo assinala hoje o Dia Internacional do Trabalhador com reflex\u00f5es sobre as condi\u00e7\u00f5es laborais\"\n\t\t\t\t\t\tdata-qtmplayer-artist=\"Juliana Nunes\"\n\t\t\t\t\t\tdata-qtmplayer-link=\"https:\/\/rna.ao\/rna.ao\/2026\/05\/01\/mundo-assinala-hoje-o-dia-internacional-do-trabalhador-com-reflexoes-sobre-as-condicoes-laborais\/\"\n\t\t\t\t\t\tdata-qtmplayer-icon=\"file_download\"\n\t\t\t\t\t\tdata-qtmplayer-type=\"track\"\n\t\t\t class=\"qtmplayer-play qtmplayer-link-sec qtmplayer-play-btn\"><i class='material-icons'>play_arrow<\/i><\/span>\n\t\t<p>\n\t\t\t<span class=\"qtmplayer-tit\">Mundo assinala hoje o Dia Internacional do Trabalhador com reflex\u00f5es sobre as condi\u00e7\u00f5es laborais<\/span>\n\t\t\t<span class=\"qtmplayer-art\">Juliana Nunes<\/span>\n\t\t<\/p>\n\t<\/li>\n\t\t<\/ul>\n\t<\/div>\t\t\t\n\t\n","protected":false},"excerpt":{"rendered":"<p>Assinala-se hoje, 1 de Maio, o Dia Internacional do Trabalhador, uma data que homenageia as conquistas hist\u00f3ricas dos trabalhadores e refor\u00e7a a necessidade de melhores condi\u00e7\u00f5es laborais em todo o mundo. A origem desta efem\u00e9ride remonta a 1886, nos Estados Unidos da Am\u00e9rica, quando milhares de trabalhadores sa\u00edram \u00e0s ruas ...<\/p>\n","protected":false},"author":16,"featured_media":216478,"comment_status":"closed","ping_status":"closed","sticky":false,"template":"","format":"standard","meta":[],"categories":[142,121,164,163],"tags":[],"_links":{"self":[{"href":"https:\/\/rna.ao\/rna.ao\/wp-json\/wp\/v2\/posts\/216477"}],"collection":[{"href":"https:\/\/rna.ao\/rna.ao\/wp-json\/wp\/v2\/posts"}],"about":[{"href":"https:\/\/rna.ao\/rna.ao\/wp-json\/wp\/v2\/types\/post"}],"author":[{"embeddable":true,"href":"https:\/\/rna.ao\/rna.ao\/wp-json\/wp\/v2\/users\/16"}],"replies":[{"embeddable":true,"href":"https:\/\/rna.ao\/rna.ao\/wp-json\/wp\/v2\/comments?post=216477"}],"version-history":[{"count":2,"href":"https:\/\/rna.ao\/rna.ao\/wp-json\/wp\/v2\/posts\/216477\/revisions"}],"predecessor-version":[{"id":216483,"href":"https:\/\/rna.ao\/rna.ao\/wp-json\/wp\/v2\/posts\/216477\/revisions\/216483"}],"wp:featuredmedia":[{"embeddable":true,"href":"https:\/\/rna.ao\/rna.ao\/wp-json\/wp\/v2\/media\/216478"}],"wp:attachment":[{"href":"https:\/\/rna.ao\/rna.ao\/wp-json\/wp\/v2\/media?parent=216477"}],"wp:term":[{"taxonomy":"category","embeddable":true,"href":"https:\/\/rna.ao\/rna.ao\/wp-json\/wp\/v2\/categories?post=216477"},{"taxonomy":"post_tag","embeddable":true,"href":"https:\/\/rna.ao\/rna.ao\/wp-json\/wp\/v2\/tags?post=216477"}],"curies":[{"name":"wp","href":"https:\/\/api.w.org\/{rel}","templated":true}]}}