{"id":216439,"date":"2026-04-30T13:26:10","date_gmt":"2026-04-30T12:26:10","guid":{"rendered":"https:\/\/rna.ao\/rna.ao\/?p=216439"},"modified":"2026-04-30T13:28:41","modified_gmt":"2026-04-30T12:28:41","slug":"embaixador-da-turquia-destaca-crescimento-das-relacoes-economicas-com-angola","status":"publish","type":"post","link":"https:\/\/rna.ao\/rna.ao\/2026\/04\/30\/embaixador-da-turquia-destaca-crescimento-das-relacoes-economicas-com-angola\/","title":{"rendered":"Embaixador da Turquia destaca crescimento das rela\u00e7\u00f5es econ\u00f3micas com Angola"},"content":{"rendered":"<p><img loading=\"lazy\" class=\"wp-image-216445 alignleft\" src=\"https:\/\/rna.ao\/rna.ao\/wp-content\/uploads\/2026\/04\/Presidente-da-Republica-Joao-Lourenco-recebeu-hoje-em-Luanda-cumprimentos-de-despedida-do-Embaixador-Extraordinario-e-Plenipotenciario-da-Republica-da-Turquia-em-Angola-Mahammet-Mustafa-Celik-770x628.jpg\" alt=\"\" width=\"278\" height=\"227\" srcset=\"https:\/\/rna.ao\/rna.ao\/wp-content\/uploads\/2026\/04\/Presidente-da-Republica-Joao-Lourenco-recebeu-hoje-em-Luanda-cumprimentos-de-despedida-do-Embaixador-Extraordinario-e-Plenipotenciario-da-Republica-da-Turquia-em-Angola-Mahammet-Mustafa-Celik-770x628.jpg 770w, https:\/\/rna.ao\/rna.ao\/wp-content\/uploads\/2026\/04\/Presidente-da-Republica-Joao-Lourenco-recebeu-hoje-em-Luanda-cumprimentos-de-despedida-do-Embaixador-Extraordinario-e-Plenipotenciario-da-Republica-da-Turquia-em-Angola-Mahammet-Mustafa-Celik-768x627.jpg 768w, https:\/\/rna.ao\/rna.ao\/wp-content\/uploads\/2026\/04\/Presidente-da-Republica-Joao-Lourenco-recebeu-hoje-em-Luanda-cumprimentos-de-despedida-do-Embaixador-Extraordinario-e-Plenipotenciario-da-Republica-da-Turquia-em-Angola-Mahammet-Mustafa-Celik.jpg 1012w\" sizes=\"(max-width: 278px) 100vw, 278px\" \/>O Embaixador da Turquia destaca crescimento das rela\u00e7\u00f5es econ\u00edmicas com Angola. Mahamet Mustafa, disse despois de uma audi\u00eancia com o Chefe de Estado angolano, no Pal\u00e1cio da Cidade alta que,\u00a0 neste momento Angola e a Turquia trabalham para aumentar o n\u00famero de empres\u00e1rios turcos no pais. Clique no \u00e1udio abaixo para obter mais informa\u00e7\u00e3o com o jornalista Sany Fuche:<\/p>\n\t<div class=\"qtmplayer-playlist-large\">\n\t\t<ul class=\"qtmplayer-playlist\">\n\t\t\t\n\t\t\t\t\t<li class=\"qtmplayer-trackitem\">\n\t\t<img src=\"https:\/\/rna.ao\/rna.ao\/wp-content\/uploads\/2026\/04\/Presidente-da-Republica-Joao-Lourenco-recebeu-hoje-em-Luanda-cumprimentos-de-despedida-do-Embaixador-Extraordinario-e-Plenipotenciario-da-Republica-da-Turquia-em-Angola-Mahammet-Mustafa-CelikK-100x100.jpg\" alt=\"cover\">\t\t<span \t\t\tdata-qtmplayer-cover=\"https:\/\/rna.ao\/rna.ao\/wp-content\/uploads\/2026\/04\/Presidente-da-Republica-Joao-Lourenco-recebeu-hoje-em-Luanda-cumprimentos-de-despedida-do-Embaixador-Extraordinario-e-Plenipotenciario-da-Republica-da-Turquia-em-Angola-Mahammet-Mustafa-CelikK-370x370.jpg\"\n\t\t\t\t\t\tdata-qtmplayer-file=\"https:\/\/rna.ao\/rna.ao\/wp-content\/uploads\/2026\/04\/SANY-FUCHE-13HRS-3.mp3\"\n\t\t\t\t\t\tdata-qtmplayer-title=\"Embaixador da Turquia destaca crescimento das rela\u00e7\u00f5es econ\u00f3micas com Angola\"\n\t\t\t\t\t\tdata-qtmplayer-artist=\"Ant\u00f3nio Augusto\"\n\t\t\t\t\t\tdata-qtmplayer-link=\"https:\/\/rna.ao\/rna.ao\/2026\/04\/30\/embaixador-da-turquia-destaca-crescimento-das-relacoes-economicas-com-angola\/\"\n\t\t\t\t\t\tdata-qtmplayer-icon=\"file_download\"\n\t\t\t\t\t\tdata-qtmplayer-type=\"track\"\n\t\t\t class=\"qtmplayer-play qtmplayer-link-sec qtmplayer-play-btn\"><i class='material-icons'>play_arrow<\/i><\/span>\n\t\t<p>\n\t\t\t<span class=\"qtmplayer-tit\">Embaixador da Turquia destaca crescimento das rela\u00e7\u00f5es econ\u00f3micas com Angola<\/span>\n\t\t\t<span class=\"qtmplayer-art\">Ant\u00f3nio Augusto<\/span>\n\t\t<\/p>\n\t<\/li>\n\t\t<\/ul>\n\t<\/div>\t\t\t\n\t\n","protected":false},"excerpt":{"rendered":"<p>O Embaixador da Turquia destaca crescimento das rela\u00e7\u00f5es econ\u00edmicas com Angola. Mahamet Mustafa, disse despois de uma audi\u00eancia com o Chefe de Estado angolano, no Pal\u00e1cio da Cidade alta que,\u00a0 neste momento Angola e a Turquia trabalham para aumentar o n\u00famero de empres\u00e1rios turcos no pais. Clique no \u00e1udio abaixo ...<\/p>\n","protected":false},"author":23,"featured_media":216443,"comment_status":"closed","ping_status":"closed","sticky":false,"template":"","format":"standard","meta":[],"categories":[121,163],"tags":[],"_links":{"self":[{"href":"https:\/\/rna.ao\/rna.ao\/wp-json\/wp\/v2\/posts\/216439"}],"collection":[{"href":"https:\/\/rna.ao\/rna.ao\/wp-json\/wp\/v2\/posts"}],"about":[{"href":"https:\/\/rna.ao\/rna.ao\/wp-json\/wp\/v2\/types\/post"}],"author":[{"embeddable":true,"href":"https:\/\/rna.ao\/rna.ao\/wp-json\/wp\/v2\/users\/23"}],"replies":[{"embeddable":true,"href":"https:\/\/rna.ao\/rna.ao\/wp-json\/wp\/v2\/comments?post=216439"}],"version-history":[{"count":3,"href":"https:\/\/rna.ao\/rna.ao\/wp-json\/wp\/v2\/posts\/216439\/revisions"}],"predecessor-version":[{"id":216447,"href":"https:\/\/rna.ao\/rna.ao\/wp-json\/wp\/v2\/posts\/216439\/revisions\/216447"}],"wp:featuredmedia":[{"embeddable":true,"href":"https:\/\/rna.ao\/rna.ao\/wp-json\/wp\/v2\/media\/216443"}],"wp:attachment":[{"href":"https:\/\/rna.ao\/rna.ao\/wp-json\/wp\/v2\/media?parent=216439"}],"wp:term":[{"taxonomy":"category","embeddable":true,"href":"https:\/\/rna.ao\/rna.ao\/wp-json\/wp\/v2\/categories?post=216439"},{"taxonomy":"post_tag","embeddable":true,"href":"https:\/\/rna.ao\/rna.ao\/wp-json\/wp\/v2\/tags?post=216439"}],"curies":[{"name":"wp","href":"https:\/\/api.w.org\/{rel}","templated":true}]}}