{"id":216428,"date":"2026-04-30T13:12:23","date_gmt":"2026-04-30T12:12:23","guid":{"rendered":"https:\/\/rna.ao\/rna.ao\/?p=216428"},"modified":"2026-04-30T13:12:23","modified_gmt":"2026-04-30T12:12:23","slug":"economista-aponta-instabilidade-na-opep-como-causa-da-subida-do-brent","status":"publish","type":"post","link":"https:\/\/rna.ao\/rna.ao\/2026\/04\/30\/economista-aponta-instabilidade-na-opep-como-causa-da-subida-do-brent\/","title":{"rendered":"Economista aponta instabilidade na OPEP como causa da subida do Brent"},"content":{"rendered":"<p><img loading=\"lazy\" class=\"size-full wp-image-155432 alignleft\" src=\"https:\/\/rna.ao\/rna.ao\/wp-content\/uploads\/2024\/09\/Paulo-Forquilha.jpg\" alt=\"\" width=\"256\" height=\"192\" \/>O pre\u00e7o do barril de Brent, refer\u00eancia para as exporta\u00e7\u00f5es de Angola, atingiu hoje, quinta-feira, 30,\u00a0 os 119 d\u00f3lares. O impasse nas negocia\u00e7\u00f5es entre os Estados Unidos e o Ir\u00e3o tem aumentado a incerteza nos mercados, pressionando o Brent para este novo patamar. Para o economista <strong>Paulo Forquilha<\/strong>, a subida do pre\u00e7o do petr\u00f3leo resulta da escalada do conflito no M\u00e9dio Oriente, agravada recentemente pela decis\u00e3o dos Emirados \u00c1rabes Unidos de se afastarem dos mecanismos de coordena\u00e7\u00e3o da Organiza\u00e7\u00e3o dos Pa\u00edses Exportadores de Petr\u00f3leo &#8220;OPEP&#8221;. Clique no \u00e1udio abaixo e ou\u00e7a:<\/p>\n\t<div class=\"qtmplayer-playlist-large\">\n\t\t<ul class=\"qtmplayer-playlist\">\n\t\t\t\n\t\t\t\t\t<li class=\"qtmplayer-trackitem\">\n\t\t<img src=\"https:\/\/rna.ao\/rna.ao\/wp-content\/uploads\/2023\/03\/Lifua-campo-petrolifero-1-100x100.jpg\" alt=\"cover\">\t\t<span \t\t\tdata-qtmplayer-cover=\"https:\/\/rna.ao\/rna.ao\/wp-content\/uploads\/2023\/03\/Lifua-campo-petrolifero-1.jpg\"\n\t\t\t\t\t\tdata-qtmplayer-file=\"https:\/\/rna.ao\/rna.ao\/wp-content\/uploads\/2026\/04\/PAULO-FORQUILHA-01-13HRS.mp3\"\n\t\t\t\t\t\tdata-qtmplayer-title=\"Economista aponta instabilidade na OPEP como causa da subida do Brent\"\n\t\t\t\t\t\tdata-qtmplayer-artist=\"Ant\u00f3nio Augusto\"\n\t\t\t\t\t\tdata-qtmplayer-link=\"https:\/\/rna.ao\/rna.ao\/2026\/04\/30\/economista-aponta-instabilidade-na-opep-como-causa-da-subida-do-brent\/\"\n\t\t\t\t\t\tdata-qtmplayer-icon=\"file_download\"\n\t\t\t\t\t\tdata-qtmplayer-type=\"track\"\n\t\t\t class=\"qtmplayer-play qtmplayer-link-sec qtmplayer-play-btn\"><i class='material-icons'>play_arrow<\/i><\/span>\n\t\t<p>\n\t\t\t<span class=\"qtmplayer-tit\">Economista aponta instabilidade na OPEP como causa da subida do Brent<\/span>\n\t\t\t<span class=\"qtmplayer-art\">Ant\u00f3nio Augusto<\/span>\n\t\t<\/p>\n\t<\/li>\n\t\t<\/ul>\n\t<\/div>\t\t\t\n\t\n<p><img loading=\"lazy\" class=\"wp-image-76458 alignleft\" src=\"https:\/\/rna.ao\/rna.ao\/wp-content\/uploads\/2022\/09\/1602067646_petrolifera1.jpg\" alt=\"\" width=\"347\" height=\"260\" \/>Paulo Forquilha acrescenta que o aumento do pre\u00e7o do barril pode gerar mais receitas para o pa\u00eds, considerando que o or\u00e7amento geral do Estado para 2026 foi elaborado com base num pre\u00e7o do petr\u00f3leo de cerca de 61 d\u00f3lares por barril. Clique no \u00e1udio abaixo e ou\u00e7a:<\/p>\n\t<div class=\"qtmplayer-playlist-large\">\n\t\t<ul class=\"qtmplayer-playlist\">\n\t\t\t\n\t\t\t\t\t<li class=\"qtmplayer-trackitem\">\n\t\t<img src=\"https:\/\/rna.ao\/rna.ao\/wp-content\/uploads\/2023\/03\/Lifua-campo-petrolifero-1-100x100.jpg\" alt=\"cover\">\t\t<span \t\t\tdata-qtmplayer-cover=\"https:\/\/rna.ao\/rna.ao\/wp-content\/uploads\/2023\/03\/Lifua-campo-petrolifero-1.jpg\"\n\t\t\t\t\t\tdata-qtmplayer-file=\"https:\/\/rna.ao\/rna.ao\/wp-content\/uploads\/2026\/04\/PAULO-FORQUILHA-02-13HRS.mp3\"\n\t\t\t\t\t\tdata-qtmplayer-title=\"Economista aponta instabilidade na OPEP como causa da subida do Brent\"\n\t\t\t\t\t\tdata-qtmplayer-artist=\"Ant\u00f3nio Augusto\"\n\t\t\t\t\t\tdata-qtmplayer-link=\"https:\/\/rna.ao\/rna.ao\/2026\/04\/30\/economista-aponta-instabilidade-na-opep-como-causa-da-subida-do-brent\/\"\n\t\t\t\t\t\tdata-qtmplayer-icon=\"file_download\"\n\t\t\t\t\t\tdata-qtmplayer-type=\"track\"\n\t\t\t class=\"qtmplayer-play qtmplayer-link-sec qtmplayer-play-btn\"><i class='material-icons'>play_arrow<\/i><\/span>\n\t\t<p>\n\t\t\t<span class=\"qtmplayer-tit\">Economista aponta instabilidade na OPEP como causa da subida do Brent<\/span>\n\t\t\t<span class=\"qtmplayer-art\">Ant\u00f3nio Augusto<\/span>\n\t\t<\/p>\n\t<\/li>\n\t\t<\/ul>\n\t<\/div>\t\t\t\n\t\n<p>O economista sublinha ainda que, devido \u00e0 infla\u00e7\u00e3o importada, o Governo poder\u00e1 ser obrigado a aumentar os gastos com subven\u00e7\u00f5es relacionadas aos derivados de petr\u00f3leo. Clique no \u00e1udio abaixo e ou\u00e7a:<\/p>\n\t<div class=\"qtmplayer-playlist-large\">\n\t\t<ul class=\"qtmplayer-playlist\">\n\t\t\t\n\t\t\t\t\t<li class=\"qtmplayer-trackitem\">\n\t\t<img src=\"https:\/\/rna.ao\/rna.ao\/wp-content\/uploads\/2023\/03\/Lifua-campo-petrolifero-1-100x100.jpg\" alt=\"cover\">\t\t<span \t\t\tdata-qtmplayer-cover=\"https:\/\/rna.ao\/rna.ao\/wp-content\/uploads\/2023\/03\/Lifua-campo-petrolifero-1.jpg\"\n\t\t\t\t\t\tdata-qtmplayer-file=\"https:\/\/rna.ao\/rna.ao\/wp-content\/uploads\/2026\/04\/PAULO-FORQUILHA-03-13HRS.mp3\"\n\t\t\t\t\t\tdata-qtmplayer-title=\"Economista aponta instabilidade na OPEP como causa da subida do Brent\"\n\t\t\t\t\t\tdata-qtmplayer-artist=\"Ant\u00f3nio Augusto\"\n\t\t\t\t\t\tdata-qtmplayer-link=\"https:\/\/rna.ao\/rna.ao\/2026\/04\/30\/economista-aponta-instabilidade-na-opep-como-causa-da-subida-do-brent\/\"\n\t\t\t\t\t\tdata-qtmplayer-icon=\"file_download\"\n\t\t\t\t\t\tdata-qtmplayer-type=\"track\"\n\t\t\t class=\"qtmplayer-play qtmplayer-link-sec qtmplayer-play-btn\"><i class='material-icons'>play_arrow<\/i><\/span>\n\t\t<p>\n\t\t\t<span class=\"qtmplayer-tit\">Economista aponta instabilidade na OPEP como causa da subida do Brent<\/span>\n\t\t\t<span class=\"qtmplayer-art\">Ant\u00f3nio Augusto<\/span>\n\t\t<\/p>\n\t<\/li>\n\t\t<\/ul>\n\t<\/div>\t\t\t\n\t\n","protected":false},"excerpt":{"rendered":"<p>O pre\u00e7o do barril de Brent, refer\u00eancia para as exporta\u00e7\u00f5es de Angola, atingiu hoje, quinta-feira, 30,\u00a0 os 119 d\u00f3lares. O impasse nas negocia\u00e7\u00f5es entre os Estados Unidos e o Ir\u00e3o tem aumentado a incerteza nos mercados, pressionando o Brent para este novo patamar. Para o economista Paulo Forquilha, a subida ...<\/p>\n","protected":false},"author":23,"featured_media":95128,"comment_status":"closed","ping_status":"closed","sticky":false,"template":"","format":"standard","meta":[],"categories":[121,163],"tags":[],"_links":{"self":[{"href":"https:\/\/rna.ao\/rna.ao\/wp-json\/wp\/v2\/posts\/216428"}],"collection":[{"href":"https:\/\/rna.ao\/rna.ao\/wp-json\/wp\/v2\/posts"}],"about":[{"href":"https:\/\/rna.ao\/rna.ao\/wp-json\/wp\/v2\/types\/post"}],"author":[{"embeddable":true,"href":"https:\/\/rna.ao\/rna.ao\/wp-json\/wp\/v2\/users\/23"}],"replies":[{"embeddable":true,"href":"https:\/\/rna.ao\/rna.ao\/wp-json\/wp\/v2\/comments?post=216428"}],"version-history":[{"count":1,"href":"https:\/\/rna.ao\/rna.ao\/wp-json\/wp\/v2\/posts\/216428\/revisions"}],"predecessor-version":[{"id":216432,"href":"https:\/\/rna.ao\/rna.ao\/wp-json\/wp\/v2\/posts\/216428\/revisions\/216432"}],"wp:featuredmedia":[{"embeddable":true,"href":"https:\/\/rna.ao\/rna.ao\/wp-json\/wp\/v2\/media\/95128"}],"wp:attachment":[{"href":"https:\/\/rna.ao\/rna.ao\/wp-json\/wp\/v2\/media?parent=216428"}],"wp:term":[{"taxonomy":"category","embeddable":true,"href":"https:\/\/rna.ao\/rna.ao\/wp-json\/wp\/v2\/categories?post=216428"},{"taxonomy":"post_tag","embeddable":true,"href":"https:\/\/rna.ao\/rna.ao\/wp-json\/wp\/v2\/tags?post=216428"}],"curies":[{"name":"wp","href":"https:\/\/api.w.org\/{rel}","templated":true}]}}