{"id":216378,"date":"2026-04-30T10:58:37","date_gmt":"2026-04-30T09:58:37","guid":{"rendered":"https:\/\/rna.ao\/rna.ao\/?p=216378"},"modified":"2026-04-30T10:58:37","modified_gmt":"2026-04-30T09:58:37","slug":"taca-de-angola-petro-deixa-cair-inter-no-22-de-junho-sapiri-diz-que-alguem-esta-a-prejudicar-o-seu-trabalho","status":"publish","type":"post","link":"https:\/\/rna.ao\/rna.ao\/2026\/04\/30\/taca-de-angola-petro-deixa-cair-inter-no-22-de-junho-sapiri-diz-que-alguem-esta-a-prejudicar-o-seu-trabalho\/","title":{"rendered":"Ta\u00e7a de Angola:  Petro deixa cair Inter no 22 de Junho. Sapiri diz que algu\u00e9m esta a prejudicar o seu trabalho"},"content":{"rendered":"<p><img loading=\"lazy\" class=\"wp-image-216379 aligncenter\" src=\"https:\/\/rna.ao\/rna.ao\/wp-content\/uploads\/2026\/04\/inter.jpg\" alt=\"\" width=\"268\" height=\"311\" \/>O Petro de Luanda deixou cair no est\u00e1dio 22 de Junho\u00a0 Interclube por uma vitoria de 3\/1 facto considerado de maneira confort\u00e1vel segundo t\u00e9cnico, Fl\u00e1vio Amado. Clique no \u00e1udio abaixo e saiba mais:<\/p>\n\t<div class=\"qtmplayer-playlist-large\">\n\t\t<ul class=\"qtmplayer-playlist\">\n\t\t\t\n\t\t\t\t\t<li class=\"qtmplayer-trackitem\">\n\t\t<img src=\"https:\/\/rna.ao\/rna.ao\/wp-content\/uploads\/2026\/04\/Petro-e-inter-100x100.jpg\" alt=\"cover\">\t\t<span \t\t\tdata-qtmplayer-cover=\"https:\/\/rna.ao\/rna.ao\/wp-content\/uploads\/2026\/04\/Petro-e-inter.jpg\"\n\t\t\t\t\t\tdata-qtmplayer-file=\"https:\/\/rna.ao\/rna.ao\/wp-content\/uploads\/2026\/04\/P-J-7-FLAVIO-AMADO-30-04-26.mp3\"\n\t\t\t\t\t\tdata-qtmplayer-title=\"Ta\u00e7a de Angola:  Petro deixa cair Inter no 22 de Junho. Sapiri diz que algu\u00e9m esta a prejudicar o seu trabalho\"\n\t\t\t\t\t\tdata-qtmplayer-artist=\"Ant\u00f3nio Augusto\"\n\t\t\t\t\t\tdata-qtmplayer-link=\"https:\/\/rna.ao\/rna.ao\/2026\/04\/30\/taca-de-angola-petro-deixa-cair-inter-no-22-de-junho-sapiri-diz-que-alguem-esta-a-prejudicar-o-seu-trabalho\/\"\n\t\t\t\t\t\tdata-qtmplayer-icon=\"file_download\"\n\t\t\t\t\t\tdata-qtmplayer-type=\"track\"\n\t\t\t class=\"qtmplayer-play qtmplayer-link-sec qtmplayer-play-btn\"><i class='material-icons'>play_arrow<\/i><\/span>\n\t\t<p>\n\t\t\t<span class=\"qtmplayer-tit\">Ta\u00e7a de Angola:  Petro deixa cair Inter no 22 de Junho. Sapiri diz que algu\u00e9m esta a prejudicar o seu trabalho<\/span>\n\t\t\t<span class=\"qtmplayer-art\">Ant\u00f3nio Augusto<\/span>\n\t\t<\/p>\n\t<\/li>\n\t\t<\/ul>\n\t<\/div>\t\t\t\n\t\n<p><img loading=\"lazy\" class=\"wp-image-216383 aligncenter\" src=\"https:\/\/rna.ao\/rna.ao\/wp-content\/uploads\/2026\/04\/Roque-Sapiri.jpg\" alt=\"\" width=\"329\" height=\"198\" \/>Roque Sapiri, treinador dos pol\u00edcias reconheceu que o Petro mereceu o triunfo, deixou nas entrelinhas, que algu\u00e9m est\u00e1 a prejudicar o bom andamento do seu trabalho. Clique no \u00e1udio abaixo e saiba mais:<\/p>\n\t<div class=\"qtmplayer-playlist-large\">\n\t\t<ul class=\"qtmplayer-playlist\">\n\t\t\t\n\t\t\t\t\t<li class=\"qtmplayer-trackitem\">\n\t\t<img src=\"https:\/\/rna.ao\/rna.ao\/wp-content\/uploads\/2026\/04\/Petro-e-inter-100x100.jpg\" alt=\"cover\">\t\t<span \t\t\tdata-qtmplayer-cover=\"https:\/\/rna.ao\/rna.ao\/wp-content\/uploads\/2026\/04\/Petro-e-inter.jpg\"\n\t\t\t\t\t\tdata-qtmplayer-file=\"https:\/\/rna.ao\/rna.ao\/wp-content\/uploads\/2026\/04\/P-J-8-ROQUE-SAPIRE-30-04-26.mp3\"\n\t\t\t\t\t\tdata-qtmplayer-title=\"Ta\u00e7a de Angola:  Petro deixa cair Inter no 22 de Junho. Sapiri diz que algu\u00e9m esta a prejudicar o seu trabalho\"\n\t\t\t\t\t\tdata-qtmplayer-artist=\"Ant\u00f3nio Augusto\"\n\t\t\t\t\t\tdata-qtmplayer-link=\"https:\/\/rna.ao\/rna.ao\/2026\/04\/30\/taca-de-angola-petro-deixa-cair-inter-no-22-de-junho-sapiri-diz-que-alguem-esta-a-prejudicar-o-seu-trabalho\/\"\n\t\t\t\t\t\tdata-qtmplayer-icon=\"file_download\"\n\t\t\t\t\t\tdata-qtmplayer-type=\"track\"\n\t\t\t class=\"qtmplayer-play qtmplayer-link-sec qtmplayer-play-btn\"><i class='material-icons'>play_arrow<\/i><\/span>\n\t\t<p>\n\t\t\t<span class=\"qtmplayer-tit\">Ta\u00e7a de Angola:  Petro deixa cair Inter no 22 de Junho. Sapiri diz que algu\u00e9m esta a prejudicar o seu trabalho<\/span>\n\t\t\t<span class=\"qtmplayer-art\">Ant\u00f3nio Augusto<\/span>\n\t\t<\/p>\n\t<\/li>\n\t\t<\/ul>\n\t<\/div>\t\t\t\n\t\n","protected":false},"excerpt":{"rendered":"<p>O Petro de Luanda deixou cair no est\u00e1dio 22 de Junho\u00a0 Interclube por uma vitoria de 3\/1 facto considerado de maneira confort\u00e1vel segundo t\u00e9cnico, Fl\u00e1vio Amado. Clique no \u00e1udio abaixo e saiba mais: Roque Sapiri, treinador dos pol\u00edcias reconheceu que o Petro mereceu o triunfo, deixou nas entrelinhas, que algu\u00e9m ...<\/p>\n","protected":false},"author":23,"featured_media":216384,"comment_status":"closed","ping_status":"closed","sticky":false,"template":"","format":"standard","meta":[],"categories":[145,125,164],"tags":[],"_links":{"self":[{"href":"https:\/\/rna.ao\/rna.ao\/wp-json\/wp\/v2\/posts\/216378"}],"collection":[{"href":"https:\/\/rna.ao\/rna.ao\/wp-json\/wp\/v2\/posts"}],"about":[{"href":"https:\/\/rna.ao\/rna.ao\/wp-json\/wp\/v2\/types\/post"}],"author":[{"embeddable":true,"href":"https:\/\/rna.ao\/rna.ao\/wp-json\/wp\/v2\/users\/23"}],"replies":[{"embeddable":true,"href":"https:\/\/rna.ao\/rna.ao\/wp-json\/wp\/v2\/comments?post=216378"}],"version-history":[{"count":1,"href":"https:\/\/rna.ao\/rna.ao\/wp-json\/wp\/v2\/posts\/216378\/revisions"}],"predecessor-version":[{"id":216385,"href":"https:\/\/rna.ao\/rna.ao\/wp-json\/wp\/v2\/posts\/216378\/revisions\/216385"}],"wp:featuredmedia":[{"embeddable":true,"href":"https:\/\/rna.ao\/rna.ao\/wp-json\/wp\/v2\/media\/216384"}],"wp:attachment":[{"href":"https:\/\/rna.ao\/rna.ao\/wp-json\/wp\/v2\/media?parent=216378"}],"wp:term":[{"taxonomy":"category","embeddable":true,"href":"https:\/\/rna.ao\/rna.ao\/wp-json\/wp\/v2\/categories?post=216378"},{"taxonomy":"post_tag","embeddable":true,"href":"https:\/\/rna.ao\/rna.ao\/wp-json\/wp\/v2\/tags?post=216378"}],"curies":[{"name":"wp","href":"https:\/\/api.w.org\/{rel}","templated":true}]}}