{"id":216364,"date":"2026-04-30T10:28:29","date_gmt":"2026-04-30T09:28:29","guid":{"rendered":"https:\/\/rna.ao\/rna.ao\/?p=216364"},"modified":"2026-04-30T10:28:29","modified_gmt":"2026-04-30T09:28:29","slug":"mario-catala-nao-querendo-entrar-as-escuras-ja-comecou-o-scouting-aos-adversarios-que-vai-ter-pela-frente-no-can-de-maio-no-marrocos","status":"publish","type":"post","link":"https:\/\/rna.ao\/rna.ao\/2026\/04\/30\/mario-catala-nao-querendo-entrar-as-escuras-ja-comecou-o-scouting-aos-adversarios-que-vai-ter-pela-frente-no-can-de-maio-no-marrocos\/","title":{"rendered":"M\u00e1rio Catala n\u00e3o querendo entrar \u00e0s escuras, j\u00e1 come\u00e7ou o scouting aos advers\u00e1rios que vai ter pela frente no can de maio no Marrocos"},"content":{"rendered":"<p style=\"font-weight: 400;\"><img loading=\"lazy\" class=\"wp-image-216368 alignleft\" src=\"https:\/\/rna.ao\/rna.ao\/wp-content\/uploads\/2026\/04\/Seleccao-Nacional-Sub-177-770x513.jpg\" alt=\"\" width=\"441\" height=\"294\" srcset=\"https:\/\/rna.ao\/rna.ao\/wp-content\/uploads\/2026\/04\/Seleccao-Nacional-Sub-177-770x513.jpg 770w, https:\/\/rna.ao\/rna.ao\/wp-content\/uploads\/2026\/04\/Seleccao-Nacional-Sub-177-1170x780.jpg 1170w, https:\/\/rna.ao\/rna.ao\/wp-content\/uploads\/2026\/04\/Seleccao-Nacional-Sub-177-768x512.jpg 768w, https:\/\/rna.ao\/rna.ao\/wp-content\/uploads\/2026\/04\/Seleccao-Nacional-Sub-177.jpg 1440w\" sizes=\"(max-width: 441px) 100vw, 441px\" \/>A selec\u00e7\u00e3o nacional de futebol em sub-17 cumpre os \u00faltimos dias da sua prepara\u00e7\u00e3o em casa, antevendo o CAN de Maio no Reino do Marrocos no grupo C. E para estar ao melhor n\u00edvel, a selec\u00e7\u00e3o vai cumprir um est\u00e1gio de 10 dias, j\u00e1 no palco da competi\u00e7\u00e3o, procurando ambientar-se antes do rolar da bola, e tendo em agenda a realiza\u00e7\u00e3o de dois a tr\u00eas jogos. O selecionador nacional, M\u00e1rio Catala que n\u00e3o pretende entrar \u00e0s escuras, j\u00e1 domina os pontos fortes dos advers\u00e1rios que vai ter pela frente na primeira fase, o Mali, a Tanz\u00e2nia e Mo\u00e7\u00e2mbique. Clique no \u00e1udio abaixo e ou\u00e7a:<\/p>\n\t<div class=\"qtmplayer-playlist-large\">\n\t\t<ul class=\"qtmplayer-playlist\">\n\t\t\t\n\t\t\t\t\t<li class=\"qtmplayer-trackitem\">\n\t\t<img src=\"https:\/\/rna.ao\/rna.ao\/wp-content\/uploads\/2026\/04\/Seleccao-Nacional-Sub-1777-100x100.jpg\" alt=\"cover\">\t\t<span \t\t\tdata-qtmplayer-cover=\"https:\/\/rna.ao\/rna.ao\/wp-content\/uploads\/2026\/04\/Seleccao-Nacional-Sub-1777-370x370.jpg\"\n\t\t\t\t\t\tdata-qtmplayer-file=\"https:\/\/rna.ao\/rna.ao\/wp-content\/uploads\/2026\/04\/P-J-4-MARIO-CATALA-30-04-26.mp3\"\n\t\t\t\t\t\tdata-qtmplayer-title=\"M\u00e1rio Catala n\u00e3o querendo entrar \u00e0s escuras, j\u00e1 come\u00e7ou o scouting aos advers\u00e1rios que vai ter pela frente no can de maio no Marrocos\"\n\t\t\t\t\t\tdata-qtmplayer-artist=\"Ant\u00f3nio Augusto\"\n\t\t\t\t\t\tdata-qtmplayer-link=\"https:\/\/rna.ao\/rna.ao\/2026\/04\/30\/mario-catala-nao-querendo-entrar-as-escuras-ja-comecou-o-scouting-aos-adversarios-que-vai-ter-pela-frente-no-can-de-maio-no-marrocos\/\"\n\t\t\t\t\t\tdata-qtmplayer-icon=\"file_download\"\n\t\t\t\t\t\tdata-qtmplayer-type=\"track\"\n\t\t\t class=\"qtmplayer-play qtmplayer-link-sec qtmplayer-play-btn\"><i class='material-icons'>play_arrow<\/i><\/span>\n\t\t<p>\n\t\t\t<span class=\"qtmplayer-tit\">M\u00e1rio Catala n\u00e3o querendo entrar \u00e0s escuras, j\u00e1 come\u00e7ou o scouting aos advers\u00e1rios que vai ter pela frente no can de maio no Marrocos<\/span>\n\t\t\t<span class=\"qtmplayer-art\">Ant\u00f3nio Augusto<\/span>\n\t\t<\/p>\n\t<\/li>\n\t\t<\/ul>\n\t<\/div>\t\t\t\n\t\n","protected":false},"excerpt":{"rendered":"<p>A selec\u00e7\u00e3o nacional de futebol em sub-17 cumpre os \u00faltimos dias da sua prepara\u00e7\u00e3o em casa, antevendo o CAN de Maio no Reino do Marrocos no grupo C. E para estar ao melhor n\u00edvel, a selec\u00e7\u00e3o vai cumprir um est\u00e1gio de 10 dias, j\u00e1 no palco da competi\u00e7\u00e3o, procurando ambientar-se ...<\/p>\n","protected":false},"author":23,"featured_media":216366,"comment_status":"closed","ping_status":"closed","sticky":false,"template":"","format":"standard","meta":[],"categories":[145,125,164],"tags":[],"_links":{"self":[{"href":"https:\/\/rna.ao\/rna.ao\/wp-json\/wp\/v2\/posts\/216364"}],"collection":[{"href":"https:\/\/rna.ao\/rna.ao\/wp-json\/wp\/v2\/posts"}],"about":[{"href":"https:\/\/rna.ao\/rna.ao\/wp-json\/wp\/v2\/types\/post"}],"author":[{"embeddable":true,"href":"https:\/\/rna.ao\/rna.ao\/wp-json\/wp\/v2\/users\/23"}],"replies":[{"embeddable":true,"href":"https:\/\/rna.ao\/rna.ao\/wp-json\/wp\/v2\/comments?post=216364"}],"version-history":[{"count":1,"href":"https:\/\/rna.ao\/rna.ao\/wp-json\/wp\/v2\/posts\/216364\/revisions"}],"predecessor-version":[{"id":216369,"href":"https:\/\/rna.ao\/rna.ao\/wp-json\/wp\/v2\/posts\/216364\/revisions\/216369"}],"wp:featuredmedia":[{"embeddable":true,"href":"https:\/\/rna.ao\/rna.ao\/wp-json\/wp\/v2\/media\/216366"}],"wp:attachment":[{"href":"https:\/\/rna.ao\/rna.ao\/wp-json\/wp\/v2\/media?parent=216364"}],"wp:term":[{"taxonomy":"category","embeddable":true,"href":"https:\/\/rna.ao\/rna.ao\/wp-json\/wp\/v2\/categories?post=216364"},{"taxonomy":"post_tag","embeddable":true,"href":"https:\/\/rna.ao\/rna.ao\/wp-json\/wp\/v2\/tags?post=216364"}],"curies":[{"name":"wp","href":"https:\/\/api.w.org\/{rel}","templated":true}]}}