{"id":216350,"date":"2026-04-30T09:44:31","date_gmt":"2026-04-30T08:44:31","guid":{"rendered":"https:\/\/rna.ao\/rna.ao\/?p=216350"},"modified":"2026-04-30T09:44:31","modified_gmt":"2026-04-30T08:44:31","slug":"caf-e-uefa-ao-mais-alto-nivel-sentam-se-a-mesma-mesa-e-assinam-um-importante-memorando-de-entendimento-entre-os-dois-orgaos","status":"publish","type":"post","link":"https:\/\/rna.ao\/rna.ao\/2026\/04\/30\/caf-e-uefa-ao-mais-alto-nivel-sentam-se-a-mesma-mesa-e-assinam-um-importante-memorando-de-entendimento-entre-os-dois-orgaos\/","title":{"rendered":"CAF e UEFA ao mais alto n\u00edvel sentam-se \u00e0 mesma mesa e assinam um importante memorando de entendimento entre os dois \u00f3rg\u00e3os"},"content":{"rendered":"<p style=\"font-weight: 400;\"><img loading=\"lazy\" class=\"wp-image-216351 alignleft\" src=\"https:\/\/rna.ao\/rna.ao\/wp-content\/uploads\/2026\/04\/CAF-e-UEFAa.jpg\" alt=\"\" width=\"397\" height=\"253\" \/>Os presidentes da Confedera\u00e7\u00e3o Africana de Futebol \u201cCAF\u201d, Patrice Motsepe, e da Uni\u00e3o das Associa\u00e7\u00f5es Europeias de Futebol \u201cUEFA\u201d, Aleksander \u010ceferin, assinaram um Memorando de Entendimento com o objectivo de fortalecer a colabora\u00e7\u00e3o, o crescimento e o desenvolvimento do futebol na Europa e em \u00c1frica.<\/p>\n<p style=\"font-weight: 400;\">O memorando de entendimento, assinado em Vancouver, Canad\u00e1, sublinha os princ\u00edpios orientadores partilhados pela CAF e pela UEFA, destacando o papel do futebol na promo\u00e7\u00e3o da inclus\u00e3o, da participa\u00e7\u00e3o e da coes\u00e3o social, ao mesmo tempo que reafirma um compromisso conjunto com a solidariedade, a integridade e a transpar\u00eancia.<\/p>\n<p style=\"font-weight: 400;\">O presidente da CAF, Patrice Motsepe, avan\u00e7ou no final que o futebol africano tem experimentado um crescimento significativo nos \u00faltimos anos e que t\u00eam continuado a trabalhar para torn\u00e1-lo um dos melhores do mundo. Segundo ele, ao assinarmos o Memorando de Entendimento com a UEFA, estamos a fortalecer os nossos la\u00e7os hist\u00f3ricos e a amizade entre a \u00c1frica e a Europa, que j\u00e1 permitiu que alguns dos melhores jogadores africanos tivessem sucesso em ligas europeias.<\/p>\n<p style=\"font-weight: 400;\">Esta parceria com a UEFA que abrange o futebol juvenil e feminino, o desenvolvimento, a educa\u00e7\u00e3o e o treinamento de treinadores e \u00e1rbitros, o aprimoramento da governan\u00e7a e o desenvolvimento institucional, tamb\u00e9m reflete a vis\u00e3o compartilhada da CAF e da UEFA de usar o futebol como uma ferramenta para unir os povos de nossos dois continentes.<\/p>\n<p style=\"font-weight: 400;\">Diz o n\u00ba 1 da CAF que ao combinar a experi\u00eancia e os muitos recursos, a CAF e a UEFA est\u00e3o a garantir que o futebol continue a ser uma fonte de esperan\u00e7a, alegria e uni\u00e3o para milh\u00f5es de pessoas em todo o mundo.<\/p>\n<p style=\"font-weight: 400;\">Por sua vez, o presidente da UEFA, Aleksander \u010ceferin, afirmou que os dois continentes a Europa e a \u00c1frica abrigam cen\u00e1rios futebol\u00edsticos extraordin\u00e1rios, onde o desporto desempenha um papel vital tanto dentro de campo quanto na sociedade. Segundo ele este Memorando de Entendimento reflete o nosso compromisso compartilhado em expandir as oportunidades para meninos e meninas no futebol juvenil, ao mesmo tempo em que aproveitamos o poder do desporto para promover o futebol feminino e a sa\u00fade e o bem-estar das mulheres. Ao trabalharmos em estreita colabora\u00e7\u00e3o com a CAF, pretendemos investir em pessoas, compartilhar conhecimento e fortalecer o impacto positivo e duradouro do futebol nas comunidades de ambos os continentes.<\/p>\n<p style=\"font-weight: 400;\">O memorando de entendimento, que vai vigorar at\u00e9 30 de junho de 2031, vai combinar conhecimento especializado e experi\u00eancia em diversas \u00e1reas estrat\u00e9gicas, incluindo, o futebol juvenil e feminino, programas de desenvolvimento do futebol, forma\u00e7\u00e3o de treinadores, arbitragem, interc\u00e2mbio de conhecimentos especializados e institucionais, educa\u00e7\u00e3o e desenvolvimento de capacidades, governan\u00e7a e coordena\u00e7\u00e3o.<\/p>\n<p style=\"font-weight: 400;\">\n","protected":false},"excerpt":{"rendered":"<p>Os presidentes da Confedera\u00e7\u00e3o Africana de Futebol \u201cCAF\u201d, Patrice Motsepe, e da Uni\u00e3o das Associa\u00e7\u00f5es Europeias de Futebol \u201cUEFA\u201d, Aleksander \u010ceferin, assinaram um Memorando de Entendimento com o objectivo de fortalecer a colabora\u00e7\u00e3o, o crescimento e o desenvolvimento do futebol na Europa e em \u00c1frica. O memorando de entendimento, assinado ...<\/p>\n","protected":false},"author":23,"featured_media":216351,"comment_status":"closed","ping_status":"closed","sticky":false,"template":"","format":"standard","meta":[],"categories":[145,125,164],"tags":[],"_links":{"self":[{"href":"https:\/\/rna.ao\/rna.ao\/wp-json\/wp\/v2\/posts\/216350"}],"collection":[{"href":"https:\/\/rna.ao\/rna.ao\/wp-json\/wp\/v2\/posts"}],"about":[{"href":"https:\/\/rna.ao\/rna.ao\/wp-json\/wp\/v2\/types\/post"}],"author":[{"embeddable":true,"href":"https:\/\/rna.ao\/rna.ao\/wp-json\/wp\/v2\/users\/23"}],"replies":[{"embeddable":true,"href":"https:\/\/rna.ao\/rna.ao\/wp-json\/wp\/v2\/comments?post=216350"}],"version-history":[{"count":1,"href":"https:\/\/rna.ao\/rna.ao\/wp-json\/wp\/v2\/posts\/216350\/revisions"}],"predecessor-version":[{"id":216352,"href":"https:\/\/rna.ao\/rna.ao\/wp-json\/wp\/v2\/posts\/216350\/revisions\/216352"}],"wp:featuredmedia":[{"embeddable":true,"href":"https:\/\/rna.ao\/rna.ao\/wp-json\/wp\/v2\/media\/216351"}],"wp:attachment":[{"href":"https:\/\/rna.ao\/rna.ao\/wp-json\/wp\/v2\/media?parent=216350"}],"wp:term":[{"taxonomy":"category","embeddable":true,"href":"https:\/\/rna.ao\/rna.ao\/wp-json\/wp\/v2\/categories?post=216350"},{"taxonomy":"post_tag","embeddable":true,"href":"https:\/\/rna.ao\/rna.ao\/wp-json\/wp\/v2\/tags?post=216350"}],"curies":[{"name":"wp","href":"https:\/\/api.w.org\/{rel}","templated":true}]}}