{"id":216345,"date":"2026-04-30T09:31:50","date_gmt":"2026-04-30T08:31:50","guid":{"rendered":"https:\/\/rna.ao\/rna.ao\/?p=216345"},"modified":"2026-04-30T09:32:33","modified_gmt":"2026-04-30T08:32:33","slug":"transferencia-da-tcul-para-o-gpl-visa-melhorar-transportes-publicos-na-capital-do-pais","status":"publish","type":"post","link":"https:\/\/rna.ao\/rna.ao\/2026\/04\/30\/transferencia-da-tcul-para-o-gpl-visa-melhorar-transportes-publicos-na-capital-do-pais\/","title":{"rendered":"Transfer\u00eancia da TCUL para o GPL visa melhorar transportes p\u00fablicos na capital do pa\u00eds, diz Ministro Ricardo D\u00b4Abreu"},"content":{"rendered":"<p><img loading=\"lazy\" class=\"size-full wp-image-121212 alignleft\" src=\"https:\/\/rna.ao\/rna.ao\/wp-content\/uploads\/2023\/10\/Ricardo-DAbreu.jpg\" alt=\"\" width=\"372\" height=\"210\" srcset=\"https:\/\/rna.ao\/rna.ao\/wp-content\/uploads\/2023\/10\/Ricardo-DAbreu.jpg 372w, https:\/\/rna.ao\/rna.ao\/wp-content\/uploads\/2023\/10\/Ricardo-DAbreu-370x210.jpg 370w\" sizes=\"(max-width: 372px) 100vw, 372px\" \/>O Ministro dos Transportes, destacou a transfer\u00eancia da TCUL, para o Governo de Luanda, vai fortalecer e melhorar os servi\u00e7os com as exig\u00eancias voltadas para o desenvolvimento. Ricardo D\u00b4Abreu, falava no acto de transfer\u00eancia da TCUL para a esfera do GPL. Clique no \u00e1udio abaixo e ou\u00e7a:<\/p>\n\t<div class=\"qtmplayer-playlist-large\">\n\t\t<ul class=\"qtmplayer-playlist\">\n\t\t\t\n\t\t\t\t\t<li class=\"qtmplayer-trackitem\">\n\t\t<img src=\"https:\/\/rna.ao\/rna.ao\/wp-content\/uploads\/2023\/06\/tcul-100x100.jpg\" alt=\"cover\">\t\t<span \t\t\tdata-qtmplayer-cover=\"https:\/\/rna.ao\/rna.ao\/wp-content\/uploads\/2023\/06\/tcul-370x370.jpg\"\n\t\t\t\t\t\tdata-qtmplayer-file=\"https:\/\/rna.ao\/rna.ao\/wp-content\/uploads\/2026\/04\/RICARDO-DE-ABREU-.mp3\"\n\t\t\t\t\t\tdata-qtmplayer-title=\"Transfer\u00eancia da TCUL para o GPL visa melhorar transportes p\u00fablicos na capital do pa\u00eds, diz Ministro Ricardo D\u00b4Abreu\"\n\t\t\t\t\t\tdata-qtmplayer-artist=\"Ant\u00f3nio Augusto\"\n\t\t\t\t\t\tdata-qtmplayer-link=\"https:\/\/rna.ao\/rna.ao\/2026\/04\/30\/transferencia-da-tcul-para-o-gpl-visa-melhorar-transportes-publicos-na-capital-do-pais\/\"\n\t\t\t\t\t\tdata-qtmplayer-icon=\"file_download\"\n\t\t\t\t\t\tdata-qtmplayer-type=\"track\"\n\t\t\t class=\"qtmplayer-play qtmplayer-link-sec qtmplayer-play-btn\"><i class='material-icons'>play_arrow<\/i><\/span>\n\t\t<p>\n\t\t\t<span class=\"qtmplayer-tit\">Transfer\u00eancia da TCUL para o GPL visa melhorar transportes p\u00fablicos na capital do pa\u00eds, diz Ministro Ricardo D\u00b4Abreu<\/span>\n\t\t\t<span class=\"qtmplayer-art\">Ant\u00f3nio Augusto<\/span>\n\t\t<\/p>\n\t<\/li>\n\t\t<\/ul>\n\t<\/div>\t\t\t\n\t\n<p><img loading=\"lazy\" class=\"wp-image-164761 alignleft\" src=\"https:\/\/rna.ao\/rna.ao\/wp-content\/uploads\/2025\/01\/luis-nunes-3-770x513.jpg\" alt=\"\" width=\"354\" height=\"236\" srcset=\"https:\/\/rna.ao\/rna.ao\/wp-content\/uploads\/2025\/01\/luis-nunes-3-770x513.jpg 770w, https:\/\/rna.ao\/rna.ao\/wp-content\/uploads\/2025\/01\/luis-nunes-3-1170x779.jpg 1170w, https:\/\/rna.ao\/rna.ao\/wp-content\/uploads\/2025\/01\/luis-nunes-3-768x511.jpg 768w, https:\/\/rna.ao\/rna.ao\/wp-content\/uploads\/2025\/01\/luis-nunes-3.jpg 1280w\" sizes=\"(max-width: 354px) 100vw, 354px\" \/>Por sua vez, o Governador de Luanda, Lu\u00eds Nunes, garantiu o cont\u00ednuo trabalho na reorganiza\u00e7\u00e3o funcional dos transportes p\u00fablicos. Clique no \u00e1udio abaixo e ou\u00e7a:<\/p>\n\t<div class=\"qtmplayer-playlist-large\">\n\t\t<ul class=\"qtmplayer-playlist\">\n\t\t\t\n\t\t\t\t\t<li class=\"qtmplayer-trackitem\">\n\t\t<img src=\"https:\/\/rna.ao\/rna.ao\/wp-content\/uploads\/2023\/06\/tcul-100x100.jpg\" alt=\"cover\">\t\t<span \t\t\tdata-qtmplayer-cover=\"https:\/\/rna.ao\/rna.ao\/wp-content\/uploads\/2023\/06\/tcul-370x370.jpg\"\n\t\t\t\t\t\tdata-qtmplayer-file=\"https:\/\/rna.ao\/rna.ao\/wp-content\/uploads\/2026\/04\/LUIS-NUNES-.mp3\"\n\t\t\t\t\t\tdata-qtmplayer-title=\"Transfer\u00eancia da TCUL para o GPL visa melhorar transportes p\u00fablicos na capital do pa\u00eds, diz Ministro Ricardo D\u00b4Abreu\"\n\t\t\t\t\t\tdata-qtmplayer-artist=\"Ant\u00f3nio Augusto\"\n\t\t\t\t\t\tdata-qtmplayer-link=\"https:\/\/rna.ao\/rna.ao\/2026\/04\/30\/transferencia-da-tcul-para-o-gpl-visa-melhorar-transportes-publicos-na-capital-do-pais\/\"\n\t\t\t\t\t\tdata-qtmplayer-icon=\"file_download\"\n\t\t\t\t\t\tdata-qtmplayer-type=\"track\"\n\t\t\t class=\"qtmplayer-play qtmplayer-link-sec qtmplayer-play-btn\"><i class='material-icons'>play_arrow<\/i><\/span>\n\t\t<p>\n\t\t\t<span class=\"qtmplayer-tit\">Transfer\u00eancia da TCUL para o GPL visa melhorar transportes p\u00fablicos na capital do pa\u00eds, diz Ministro Ricardo D\u00b4Abreu<\/span>\n\t\t\t<span class=\"qtmplayer-art\">Ant\u00f3nio Augusto<\/span>\n\t\t<\/p>\n\t<\/li>\n\t\t<\/ul>\n\t<\/div>\t\t\t\n\t\n","protected":false},"excerpt":{"rendered":"<p>O Ministro dos Transportes, destacou a transfer\u00eancia da TCUL, para o Governo de Luanda, vai fortalecer e melhorar os servi\u00e7os com as exig\u00eancias voltadas para o desenvolvimento. Ricardo D\u00b4Abreu, falava no acto de transfer\u00eancia da TCUL para a esfera do GPL. Clique no \u00e1udio abaixo e ou\u00e7a: Por sua vez, ...<\/p>\n","protected":false},"author":23,"featured_media":105189,"comment_status":"closed","ping_status":"closed","sticky":false,"template":"","format":"standard","meta":[],"categories":[141,133,164],"tags":[],"_links":{"self":[{"href":"https:\/\/rna.ao\/rna.ao\/wp-json\/wp\/v2\/posts\/216345"}],"collection":[{"href":"https:\/\/rna.ao\/rna.ao\/wp-json\/wp\/v2\/posts"}],"about":[{"href":"https:\/\/rna.ao\/rna.ao\/wp-json\/wp\/v2\/types\/post"}],"author":[{"embeddable":true,"href":"https:\/\/rna.ao\/rna.ao\/wp-json\/wp\/v2\/users\/23"}],"replies":[{"embeddable":true,"href":"https:\/\/rna.ao\/rna.ao\/wp-json\/wp\/v2\/comments?post=216345"}],"version-history":[{"count":2,"href":"https:\/\/rna.ao\/rna.ao\/wp-json\/wp\/v2\/posts\/216345\/revisions"}],"predecessor-version":[{"id":216349,"href":"https:\/\/rna.ao\/rna.ao\/wp-json\/wp\/v2\/posts\/216345\/revisions\/216349"}],"wp:featuredmedia":[{"embeddable":true,"href":"https:\/\/rna.ao\/rna.ao\/wp-json\/wp\/v2\/media\/105189"}],"wp:attachment":[{"href":"https:\/\/rna.ao\/rna.ao\/wp-json\/wp\/v2\/media?parent=216345"}],"wp:term":[{"taxonomy":"category","embeddable":true,"href":"https:\/\/rna.ao\/rna.ao\/wp-json\/wp\/v2\/categories?post=216345"},{"taxonomy":"post_tag","embeddable":true,"href":"https:\/\/rna.ao\/rna.ao\/wp-json\/wp\/v2\/tags?post=216345"}],"curies":[{"name":"wp","href":"https:\/\/api.w.org\/{rel}","templated":true}]}}