{"id":216333,"date":"2026-04-30T09:20:44","date_gmt":"2026-04-30T08:20:44","guid":{"rendered":"https:\/\/rna.ao\/rna.ao\/?p=216333"},"modified":"2026-04-30T09:20:44","modified_gmt":"2026-04-30T08:20:44","slug":"oit-recomenda-empresas-a-cumprir-com-as-medidas-de-seguranca-dos-seus-funcionarios","status":"publish","type":"post","link":"https:\/\/rna.ao\/rna.ao\/2026\/04\/30\/oit-recomenda-empresas-a-cumprir-com-as-medidas-de-seguranca-dos-seus-funcionarios\/","title":{"rendered":"OIT recomenda empresas a cumprir com as medidas de seguran\u00e7a dos seus funcion\u00e1rios"},"content":{"rendered":"<p><img loading=\"lazy\" class=\"size-full wp-image-216335 alignleft\" src=\"https:\/\/rna.ao\/rna.ao\/wp-content\/uploads\/2026\/04\/empresas-a-cumprir-com-as-medidas-de-seguran.jpg\" alt=\"\" width=\"275\" height=\"183\" \/>A Organiza\u00e7\u00e3o Mundial do Trabalho recomenda empresas a cumprir com medidas de seguran\u00e7a dos funcion\u00e1rios em toda a esfera p\u00fablico e privada. A Organiza\u00e7\u00e3o Mundial da Sa\u00fade, recomenda \u00e0s empresas o cumprimento destas e outras medidas. Clique no \u00e1udio abaixo para obter mais informa\u00e7\u00e3o com o jornalista Martinho Chingue:<\/p>\n\t<div class=\"qtmplayer-playlist-large\">\n\t\t<ul class=\"qtmplayer-playlist\">\n\t\t\t\n\t\t\t\t\t<li class=\"qtmplayer-trackitem\">\n\t\t<img src=\"https:\/\/rna.ao\/rna.ao\/wp-content\/uploads\/2026\/04\/empresas-a-cumprir-com-as-medidas-de-seguranc-100x100.jpg\" alt=\"cover\">\t\t<span \t\t\tdata-qtmplayer-cover=\"https:\/\/rna.ao\/rna.ao\/wp-content\/uploads\/2026\/04\/empresas-a-cumprir-com-as-medidas-de-seguranc-370x370.jpg\"\n\t\t\t\t\t\tdata-qtmplayer-file=\"https:\/\/rna.ao\/rna.ao\/wp-content\/uploads\/2026\/04\/MARTINHO-CHINGUE.mp3\"\n\t\t\t\t\t\tdata-qtmplayer-title=\"OIT recomenda empresas a cumprir com as medidas de seguran\u00e7a dos seus funcion\u00e1rios\"\n\t\t\t\t\t\tdata-qtmplayer-artist=\"Ant\u00f3nio Augusto\"\n\t\t\t\t\t\tdata-qtmplayer-link=\"https:\/\/rna.ao\/rna.ao\/2026\/04\/30\/oit-recomenda-empresas-a-cumprir-com-as-medidas-de-seguranca-dos-seus-funcionarios\/\"\n\t\t\t\t\t\tdata-qtmplayer-icon=\"file_download\"\n\t\t\t\t\t\tdata-qtmplayer-type=\"track\"\n\t\t\t class=\"qtmplayer-play qtmplayer-link-sec qtmplayer-play-btn\"><i class='material-icons'>play_arrow<\/i><\/span>\n\t\t<p>\n\t\t\t<span class=\"qtmplayer-tit\">OIT recomenda empresas a cumprir com as medidas de seguran\u00e7a dos seus funcion\u00e1rios<\/span>\n\t\t\t<span class=\"qtmplayer-art\">Ant\u00f3nio Augusto<\/span>\n\t\t<\/p>\n\t<\/li>\n\t\t<\/ul>\n\t<\/div>\t\t\t\n\t\n","protected":false},"excerpt":{"rendered":"<p>A Organiza\u00e7\u00e3o Mundial do Trabalho recomenda empresas a cumprir com medidas de seguran\u00e7a dos funcion\u00e1rios em toda a esfera p\u00fablico e privada. A Organiza\u00e7\u00e3o Mundial da Sa\u00fade, recomenda \u00e0s empresas o cumprimento destas e outras medidas. Clique no \u00e1udio abaixo para obter mais informa\u00e7\u00e3o com o jornalista Martinho Chingue:<\/p>\n","protected":false},"author":23,"featured_media":216336,"comment_status":"closed","ping_status":"closed","sticky":false,"template":"","format":"standard","meta":[],"categories":[141,133,164],"tags":[],"_links":{"self":[{"href":"https:\/\/rna.ao\/rna.ao\/wp-json\/wp\/v2\/posts\/216333"}],"collection":[{"href":"https:\/\/rna.ao\/rna.ao\/wp-json\/wp\/v2\/posts"}],"about":[{"href":"https:\/\/rna.ao\/rna.ao\/wp-json\/wp\/v2\/types\/post"}],"author":[{"embeddable":true,"href":"https:\/\/rna.ao\/rna.ao\/wp-json\/wp\/v2\/users\/23"}],"replies":[{"embeddable":true,"href":"https:\/\/rna.ao\/rna.ao\/wp-json\/wp\/v2\/comments?post=216333"}],"version-history":[{"count":1,"href":"https:\/\/rna.ao\/rna.ao\/wp-json\/wp\/v2\/posts\/216333\/revisions"}],"predecessor-version":[{"id":216337,"href":"https:\/\/rna.ao\/rna.ao\/wp-json\/wp\/v2\/posts\/216333\/revisions\/216337"}],"wp:featuredmedia":[{"embeddable":true,"href":"https:\/\/rna.ao\/rna.ao\/wp-json\/wp\/v2\/media\/216336"}],"wp:attachment":[{"href":"https:\/\/rna.ao\/rna.ao\/wp-json\/wp\/v2\/media?parent=216333"}],"wp:term":[{"taxonomy":"category","embeddable":true,"href":"https:\/\/rna.ao\/rna.ao\/wp-json\/wp\/v2\/categories?post=216333"},{"taxonomy":"post_tag","embeddable":true,"href":"https:\/\/rna.ao\/rna.ao\/wp-json\/wp\/v2\/tags?post=216333"}],"curies":[{"name":"wp","href":"https:\/\/api.w.org\/{rel}","templated":true}]}}