{"id":216327,"date":"2026-04-30T09:15:28","date_gmt":"2026-04-30T08:15:28","guid":{"rendered":"https:\/\/rna.ao\/rna.ao\/?p=216327"},"modified":"2026-04-30T09:15:28","modified_gmt":"2026-04-30T08:15:28","slug":"superlotacao-e-presenca-de-muitos-jovens-na-comarca-de-viana-preocupa-pgr","status":"publish","type":"post","link":"https:\/\/rna.ao\/rna.ao\/2026\/04\/30\/superlotacao-e-presenca-de-muitos-jovens-na-comarca-de-viana-preocupa-pgr\/","title":{"rendered":"Superlota\u00e7\u00e3o e presen\u00e7a de muitos jovens na Comarca de Viana preocupa PGR"},"content":{"rendered":"<p><img loading=\"lazy\" class=\"size-full wp-image-216330 alignleft\" src=\"https:\/\/rna.ao\/rna.ao\/wp-content\/uploads\/2026\/04\/SUPERLOTACAO-CADEIA-LUANDAAA.jpg\" alt=\"\" width=\"288\" height=\"175\" \/>A Vice-Procuradora Geral da Rep\u00fablica, manifestou a sua preocupa\u00e7\u00e3o pelo estado de degrada\u00e7\u00e3o, que os estabelecimentos prisionais do pa\u00eds apresentam. Inoc\u00eancia Pinto, que falava \u00e0 margem de uma visita \u00e0 comarca de Viana, falou ainda da superlota\u00e7\u00e3o naquela unidade. Ou\u00e7a o desenvolvimento desta mat\u00e9ria na voz do jornalista Polaco Pedro clicando no \u00e1udio abaixo:<\/p>\n\t<div class=\"qtmplayer-playlist-large\">\n\t\t<ul class=\"qtmplayer-playlist\">\n\t\t\t\n\t\t\t\t\t<li class=\"qtmplayer-trackitem\">\n\t\t<img src=\"https:\/\/rna.ao\/rna.ao\/wp-content\/uploads\/2026\/04\/SUPERLOTACAO-CADEIA-LUANDAS-100x100.jpg\" alt=\"cover\">\t\t<span \t\t\tdata-qtmplayer-cover=\"https:\/\/rna.ao\/rna.ao\/wp-content\/uploads\/2026\/04\/SUPERLOTACAO-CADEIA-LUANDAS-370x370.jpg\"\n\t\t\t\t\t\tdata-qtmplayer-file=\"https:\/\/rna.ao\/rna.ao\/wp-content\/uploads\/2026\/04\/POLACO-PEDRO-PGR.mp3\"\n\t\t\t\t\t\tdata-qtmplayer-title=\"Superlota\u00e7\u00e3o e presen\u00e7a de muitos jovens na Comarca de Viana preocupa PGR\"\n\t\t\t\t\t\tdata-qtmplayer-artist=\"Ant\u00f3nio Augusto\"\n\t\t\t\t\t\tdata-qtmplayer-link=\"https:\/\/rna.ao\/rna.ao\/2026\/04\/30\/superlotacao-e-presenca-de-muitos-jovens-na-comarca-de-viana-preocupa-pgr\/\"\n\t\t\t\t\t\tdata-qtmplayer-icon=\"file_download\"\n\t\t\t\t\t\tdata-qtmplayer-type=\"track\"\n\t\t\t class=\"qtmplayer-play qtmplayer-link-sec qtmplayer-play-btn\"><i class='material-icons'>play_arrow<\/i><\/span>\n\t\t<p>\n\t\t\t<span class=\"qtmplayer-tit\">Superlota\u00e7\u00e3o e presen\u00e7a de muitos jovens na Comarca de Viana preocupa PGR<\/span>\n\t\t\t<span class=\"qtmplayer-art\">Ant\u00f3nio Augusto<\/span>\n\t\t<\/p>\n\t<\/li>\n\t\t<\/ul>\n\t<\/div>\t\t\t\n\t\n","protected":false},"excerpt":{"rendered":"<p>A Vice-Procuradora Geral da Rep\u00fablica, manifestou a sua preocupa\u00e7\u00e3o pelo estado de degrada\u00e7\u00e3o, que os estabelecimentos prisionais do pa\u00eds apresentam. Inoc\u00eancia Pinto, que falava \u00e0 margem de uma visita \u00e0 comarca de Viana, falou ainda da superlota\u00e7\u00e3o naquela unidade. Ou\u00e7a o desenvolvimento desta mat\u00e9ria na voz do jornalista Polaco Pedro ...<\/p>\n","protected":false},"author":23,"featured_media":216331,"comment_status":"closed","ping_status":"closed","sticky":false,"template":"","format":"standard","meta":[],"categories":[141,133,164],"tags":[],"_links":{"self":[{"href":"https:\/\/rna.ao\/rna.ao\/wp-json\/wp\/v2\/posts\/216327"}],"collection":[{"href":"https:\/\/rna.ao\/rna.ao\/wp-json\/wp\/v2\/posts"}],"about":[{"href":"https:\/\/rna.ao\/rna.ao\/wp-json\/wp\/v2\/types\/post"}],"author":[{"embeddable":true,"href":"https:\/\/rna.ao\/rna.ao\/wp-json\/wp\/v2\/users\/23"}],"replies":[{"embeddable":true,"href":"https:\/\/rna.ao\/rna.ao\/wp-json\/wp\/v2\/comments?post=216327"}],"version-history":[{"count":1,"href":"https:\/\/rna.ao\/rna.ao\/wp-json\/wp\/v2\/posts\/216327\/revisions"}],"predecessor-version":[{"id":216332,"href":"https:\/\/rna.ao\/rna.ao\/wp-json\/wp\/v2\/posts\/216327\/revisions\/216332"}],"wp:featuredmedia":[{"embeddable":true,"href":"https:\/\/rna.ao\/rna.ao\/wp-json\/wp\/v2\/media\/216331"}],"wp:attachment":[{"href":"https:\/\/rna.ao\/rna.ao\/wp-json\/wp\/v2\/media?parent=216327"}],"wp:term":[{"taxonomy":"category","embeddable":true,"href":"https:\/\/rna.ao\/rna.ao\/wp-json\/wp\/v2\/categories?post=216327"},{"taxonomy":"post_tag","embeddable":true,"href":"https:\/\/rna.ao\/rna.ao\/wp-json\/wp\/v2\/tags?post=216327"}],"curies":[{"name":"wp","href":"https:\/\/api.w.org\/{rel}","templated":true}]}}