{"id":216322,"date":"2026-04-30T09:06:47","date_gmt":"2026-04-30T08:06:47","guid":{"rendered":"https:\/\/rna.ao\/rna.ao\/?p=216322"},"modified":"2026-04-30T09:06:47","modified_gmt":"2026-04-30T08:06:47","slug":"academicos-discutem-hoje-certificacao-procedimentos-de-contratacao-de-docentes-e-monitores-no-ensino-superior","status":"publish","type":"post","link":"https:\/\/rna.ao\/rna.ao\/2026\/04\/30\/academicos-discutem-hoje-certificacao-procedimentos-de-contratacao-de-docentes-e-monitores-no-ensino-superior\/","title":{"rendered":"Acad\u00e9micos discutem hoje certifica\u00e7\u00e3o, procedimentos de contrata\u00e7\u00e3o de docentes e monitores no Ensino Superior"},"content":{"rendered":"<p><img loading=\"lazy\" class=\"size-full wp-image-129882 alignleft\" src=\"https:\/\/rna.ao\/rna.ao\/wp-content\/uploads\/2024\/01\/Ensino-Superior.jpg\" alt=\"\" width=\"372\" height=\"213\" srcset=\"https:\/\/rna.ao\/rna.ao\/wp-content\/uploads\/2024\/01\/Ensino-Superior.jpg 372w, https:\/\/rna.ao\/rna.ao\/wp-content\/uploads\/2024\/01\/Ensino-Superior-370x213.jpg 370w\" sizes=\"(max-width: 372px) 100vw, 372px\" \/>Os efeitos da paz no subsistema do Ensino Superior em Angola\u201d, \u00e9 o tema de analise de uma mesa redonda que acontece hoje, quinta-feira, 30, em Luanda. O evento que vai discutir ainda tema como a certifica\u00e7\u00e3o, procedimentos de contrata\u00e7\u00e3o de docentes e monitores no Ensino Superior, numa iniciativa do Instituto Polit\u00e9cnico de Gest\u00e3o Log\u00edstica e Transporte da Universidade de Luanda. O Porta-voz do evento, Silvestre Francisco, esclarece que a mesa redonda tem como objectivo, discutir os principais avan\u00e7os e eficientes que se registaram no subsistema do Ensino Superior em Angola. Clique no \u00e1udio abaixo e ou\u00e7a:<\/p>\n\t<div class=\"qtmplayer-playlist-large\">\n\t\t<ul class=\"qtmplayer-playlist\">\n\t\t\t\n\t\t\t\t\t<li class=\"qtmplayer-trackitem\">\n\t\t<img src=\"https:\/\/rna.ao\/rna.ao\/wp-content\/uploads\/2023\/10\/ensino-superior-100x100.jpg\" alt=\"cover\">\t\t<span \t\t\tdata-qtmplayer-cover=\"https:\/\/rna.ao\/rna.ao\/wp-content\/uploads\/2023\/10\/ensino-superior.jpg\"\n\t\t\t\t\t\tdata-qtmplayer-file=\"https:\/\/rna.ao\/rna.ao\/wp-content\/uploads\/2026\/04\/SILVESTRE-FRANCISCO-1-7HRS.mp3\"\n\t\t\t\t\t\tdata-qtmplayer-title=\"Acad\u00e9micos discutem hoje certifica\u00e7\u00e3o, procedimentos de contrata\u00e7\u00e3o de docentes e monitores no Ensino Superior\"\n\t\t\t\t\t\tdata-qtmplayer-artist=\"Ant\u00f3nio Augusto\"\n\t\t\t\t\t\tdata-qtmplayer-link=\"https:\/\/rna.ao\/rna.ao\/2026\/04\/30\/academicos-discutem-hoje-certificacao-procedimentos-de-contratacao-de-docentes-e-monitores-no-ensino-superior\/\"\n\t\t\t\t\t\tdata-qtmplayer-icon=\"file_download\"\n\t\t\t\t\t\tdata-qtmplayer-type=\"track\"\n\t\t\t class=\"qtmplayer-play qtmplayer-link-sec qtmplayer-play-btn\"><i class='material-icons'>play_arrow<\/i><\/span>\n\t\t<p>\n\t\t\t<span class=\"qtmplayer-tit\">Acad\u00e9micos discutem hoje certifica\u00e7\u00e3o, procedimentos de contrata\u00e7\u00e3o de docentes e monitores no Ensino Superior<\/span>\n\t\t\t<span class=\"qtmplayer-art\">Ant\u00f3nio Augusto<\/span>\n\t\t<\/p>\n\t<\/li>\n\t\t<\/ul>\n\t<\/div>\t\t\t\n\t\n<p>Silvestre Francisco, avan\u00e7a ainda que o encontra, vai abordar o desempenho do Ensino Superior nos \u00faltimos 24 anos e autonomia financeira e patrimonial das institui\u00e7\u00f5es superiores em Angola. Clique no \u00e1udio abaixo e ou\u00e7a:<\/p>\n\t<div class=\"qtmplayer-playlist-large\">\n\t\t<ul class=\"qtmplayer-playlist\">\n\t\t\t\n\t\t\t\t\t<li class=\"qtmplayer-trackitem\">\n\t\t<img src=\"https:\/\/rna.ao\/rna.ao\/wp-content\/uploads\/2023\/10\/ensino-superior-100x100.jpg\" alt=\"cover\">\t\t<span \t\t\tdata-qtmplayer-cover=\"https:\/\/rna.ao\/rna.ao\/wp-content\/uploads\/2023\/10\/ensino-superior.jpg\"\n\t\t\t\t\t\tdata-qtmplayer-file=\"https:\/\/rna.ao\/rna.ao\/wp-content\/uploads\/2026\/04\/SILVESTRE-FRANCISCO-2-7HRS.mp3\"\n\t\t\t\t\t\tdata-qtmplayer-title=\"Acad\u00e9micos discutem hoje certifica\u00e7\u00e3o, procedimentos de contrata\u00e7\u00e3o de docentes e monitores no Ensino Superior\"\n\t\t\t\t\t\tdata-qtmplayer-artist=\"Ant\u00f3nio Augusto\"\n\t\t\t\t\t\tdata-qtmplayer-link=\"https:\/\/rna.ao\/rna.ao\/2026\/04\/30\/academicos-discutem-hoje-certificacao-procedimentos-de-contratacao-de-docentes-e-monitores-no-ensino-superior\/\"\n\t\t\t\t\t\tdata-qtmplayer-icon=\"file_download\"\n\t\t\t\t\t\tdata-qtmplayer-type=\"track\"\n\t\t\t class=\"qtmplayer-play qtmplayer-link-sec qtmplayer-play-btn\"><i class='material-icons'>play_arrow<\/i><\/span>\n\t\t<p>\n\t\t\t<span class=\"qtmplayer-tit\">Acad\u00e9micos discutem hoje certifica\u00e7\u00e3o, procedimentos de contrata\u00e7\u00e3o de docentes e monitores no Ensino Superior<\/span>\n\t\t\t<span class=\"qtmplayer-art\">Ant\u00f3nio Augusto<\/span>\n\t\t<\/p>\n\t<\/li>\n\t\t<\/ul>\n\t<\/div>\t\t\t\n\t\n","protected":false},"excerpt":{"rendered":"<p>Os efeitos da paz no subsistema do Ensino Superior em Angola\u201d, \u00e9 o tema de analise de uma mesa redonda que acontece hoje, quinta-feira, 30, em Luanda. O evento que vai discutir ainda tema como a certifica\u00e7\u00e3o, procedimentos de contrata\u00e7\u00e3o de docentes e monitores no Ensino Superior, numa iniciativa do ...<\/p>\n","protected":false},"author":23,"featured_media":118143,"comment_status":"closed","ping_status":"closed","sticky":false,"template":"","format":"standard","meta":[],"categories":[141,133,164],"tags":[],"_links":{"self":[{"href":"https:\/\/rna.ao\/rna.ao\/wp-json\/wp\/v2\/posts\/216322"}],"collection":[{"href":"https:\/\/rna.ao\/rna.ao\/wp-json\/wp\/v2\/posts"}],"about":[{"href":"https:\/\/rna.ao\/rna.ao\/wp-json\/wp\/v2\/types\/post"}],"author":[{"embeddable":true,"href":"https:\/\/rna.ao\/rna.ao\/wp-json\/wp\/v2\/users\/23"}],"replies":[{"embeddable":true,"href":"https:\/\/rna.ao\/rna.ao\/wp-json\/wp\/v2\/comments?post=216322"}],"version-history":[{"count":1,"href":"https:\/\/rna.ao\/rna.ao\/wp-json\/wp\/v2\/posts\/216322\/revisions"}],"predecessor-version":[{"id":216326,"href":"https:\/\/rna.ao\/rna.ao\/wp-json\/wp\/v2\/posts\/216322\/revisions\/216326"}],"wp:featuredmedia":[{"embeddable":true,"href":"https:\/\/rna.ao\/rna.ao\/wp-json\/wp\/v2\/media\/118143"}],"wp:attachment":[{"href":"https:\/\/rna.ao\/rna.ao\/wp-json\/wp\/v2\/media?parent=216322"}],"wp:term":[{"taxonomy":"category","embeddable":true,"href":"https:\/\/rna.ao\/rna.ao\/wp-json\/wp\/v2\/categories?post=216322"},{"taxonomy":"post_tag","embeddable":true,"href":"https:\/\/rna.ao\/rna.ao\/wp-json\/wp\/v2\/tags?post=216322"}],"curies":[{"name":"wp","href":"https:\/\/api.w.org\/{rel}","templated":true}]}}