{"id":216314,"date":"2026-04-30T08:49:12","date_gmt":"2026-04-30T07:49:12","guid":{"rendered":"https:\/\/rna.ao\/rna.ao\/?p=216314"},"modified":"2026-04-30T08:49:12","modified_gmt":"2026-04-30T07:49:12","slug":"ministra-de-estado-para-area-social-quer-ver-jovens-angolanos-comprometidos-com-actividades-que-desenvolvem-a-sociedade","status":"publish","type":"post","link":"https:\/\/rna.ao\/rna.ao\/2026\/04\/30\/ministra-de-estado-para-area-social-quer-ver-jovens-angolanos-comprometidos-com-actividades-que-desenvolvem-a-sociedade\/","title":{"rendered":"Ministra de Estado para \u00c1rea Social quer ver jovens angolanos comprometidos com actividades que desenvolvem a sociedade"},"content":{"rendered":"<p><img loading=\"lazy\" class=\"wp-image-208818 alignleft\" src=\"https:\/\/rna.ao\/rna.ao\/wp-content\/uploads\/2026\/02\/Ondjango-Constitucional-JOVENS-JUVENTUDE-1-770x513.jpg\" alt=\"\" width=\"426\" height=\"284\" srcset=\"https:\/\/rna.ao\/rna.ao\/wp-content\/uploads\/2026\/02\/Ondjango-Constitucional-JOVENS-JUVENTUDE-1-770x513.jpg 770w, https:\/\/rna.ao\/rna.ao\/wp-content\/uploads\/2026\/02\/Ondjango-Constitucional-JOVENS-JUVENTUDE-1-1170x780.jpg 1170w, https:\/\/rna.ao\/rna.ao\/wp-content\/uploads\/2026\/02\/Ondjango-Constitucional-JOVENS-JUVENTUDE-1-768x512.jpg 768w, https:\/\/rna.ao\/rna.ao\/wp-content\/uploads\/2026\/02\/Ondjango-Constitucional-JOVENS-JUVENTUDE-1-1536x1023.jpg 1536w, https:\/\/rna.ao\/rna.ao\/wp-content\/uploads\/2026\/02\/Ondjango-Constitucional-JOVENS-JUVENTUDE-1.jpg 1600w\" sizes=\"(max-width: 426px) 100vw, 426px\" \/>A Ministra de Estado para \u00c1rea Social pediu aos jovens angolanos que sejam mais determinados e comprometidos com as actividades que desenvolvem na sociedade. Maria do Ros\u00e1rio Bragan\u00e7a que falava durante a gala nacional da juventude, onde foram homenageados 50 jovens, garantiu que o Executivo continuar\u00e1 a reconhecer o m\u00e9rito dos jovens que se destacam na sociedade.<\/p>\n\t<div class=\"qtmplayer-playlist-large\">\n\t\t<ul class=\"qtmplayer-playlist\">\n\t\t\t\n\t\t\t\t\t<li class=\"qtmplayer-trackitem\">\n\t\t<img src=\"https:\/\/rna.ao\/rna.ao\/wp-content\/uploads\/2024\/02\/Maria-do-Rosario-Braganca-100x100.jpg\" alt=\"cover\">\t\t<span \t\t\tdata-qtmplayer-cover=\"https:\/\/rna.ao\/rna.ao\/wp-content\/uploads\/2024\/02\/Maria-do-Rosario-Braganca.jpg\"\n\t\t\t\t\t\tdata-qtmplayer-file=\"https:\/\/rna.ao\/rna.ao\/wp-content\/uploads\/2026\/04\/MARIA-BRAGANCA-06HRS.mp3\"\n\t\t\t\t\t\tdata-qtmplayer-title=\"Ministra de Estado para \u00c1rea Social quer ver jovens angolanos comprometidos com actividades que desenvolvem a sociedade\"\n\t\t\t\t\t\tdata-qtmplayer-artist=\"Ant\u00f3nio Augusto\"\n\t\t\t\t\t\tdata-qtmplayer-link=\"https:\/\/rna.ao\/rna.ao\/2026\/04\/30\/ministra-de-estado-para-area-social-quer-ver-jovens-angolanos-comprometidos-com-actividades-que-desenvolvem-a-sociedade\/\"\n\t\t\t\t\t\tdata-qtmplayer-icon=\"file_download\"\n\t\t\t\t\t\tdata-qtmplayer-type=\"track\"\n\t\t\t class=\"qtmplayer-play qtmplayer-link-sec qtmplayer-play-btn\"><i class='material-icons'>play_arrow<\/i><\/span>\n\t\t<p>\n\t\t\t<span class=\"qtmplayer-tit\">Ministra de Estado para \u00c1rea Social quer ver jovens angolanos comprometidos com actividades que desenvolvem a sociedade<\/span>\n\t\t\t<span class=\"qtmplayer-art\">Ant\u00f3nio Augusto<\/span>\n\t\t<\/p>\n\t<\/li>\n\t\t<\/ul>\n\t<\/div>\t\t\t\n\t\n","protected":false},"excerpt":{"rendered":"<p>A Ministra de Estado para \u00c1rea Social pediu aos jovens angolanos que sejam mais determinados e comprometidos com as actividades que desenvolvem na sociedade. Maria do Ros\u00e1rio Bragan\u00e7a que falava durante a gala nacional da juventude, onde foram homenageados 50 jovens, garantiu que o Executivo continuar\u00e1 a reconhecer o m\u00e9rito ...<\/p>\n","protected":false},"author":23,"featured_media":132918,"comment_status":"closed","ping_status":"closed","sticky":false,"template":"","format":"standard","meta":[],"categories":[142,121,164,163],"tags":[],"_links":{"self":[{"href":"https:\/\/rna.ao\/rna.ao\/wp-json\/wp\/v2\/posts\/216314"}],"collection":[{"href":"https:\/\/rna.ao\/rna.ao\/wp-json\/wp\/v2\/posts"}],"about":[{"href":"https:\/\/rna.ao\/rna.ao\/wp-json\/wp\/v2\/types\/post"}],"author":[{"embeddable":true,"href":"https:\/\/rna.ao\/rna.ao\/wp-json\/wp\/v2\/users\/23"}],"replies":[{"embeddable":true,"href":"https:\/\/rna.ao\/rna.ao\/wp-json\/wp\/v2\/comments?post=216314"}],"version-history":[{"count":1,"href":"https:\/\/rna.ao\/rna.ao\/wp-json\/wp\/v2\/posts\/216314\/revisions"}],"predecessor-version":[{"id":216316,"href":"https:\/\/rna.ao\/rna.ao\/wp-json\/wp\/v2\/posts\/216314\/revisions\/216316"}],"wp:featuredmedia":[{"embeddable":true,"href":"https:\/\/rna.ao\/rna.ao\/wp-json\/wp\/v2\/media\/132918"}],"wp:attachment":[{"href":"https:\/\/rna.ao\/rna.ao\/wp-json\/wp\/v2\/media?parent=216314"}],"wp:term":[{"taxonomy":"category","embeddable":true,"href":"https:\/\/rna.ao\/rna.ao\/wp-json\/wp\/v2\/categories?post=216314"},{"taxonomy":"post_tag","embeddable":true,"href":"https:\/\/rna.ao\/rna.ao\/wp-json\/wp\/v2\/tags?post=216314"}],"curies":[{"name":"wp","href":"https:\/\/api.w.org\/{rel}","templated":true}]}}