{"id":216298,"date":"2026-04-30T08:19:48","date_gmt":"2026-04-30T07:19:48","guid":{"rendered":"https:\/\/rna.ao\/rna.ao\/?p=216298"},"modified":"2026-04-30T08:19:48","modified_gmt":"2026-04-30T07:19:48","slug":"paises-baixos-prontificam-se-a-ajudar-governo-de-benguela-a-resolver-o-problema-das-cheias-no-rio-cavaco","status":"publish","type":"post","link":"https:\/\/rna.ao\/rna.ao\/2026\/04\/30\/paises-baixos-prontificam-se-a-ajudar-governo-de-benguela-a-resolver-o-problema-das-cheias-no-rio-cavaco\/","title":{"rendered":"Pa\u00edses Baixos prontificam-se a ajudar governo de Benguela a resolver o problema das cheias no rio Cavaco"},"content":{"rendered":"<p><img loading=\"lazy\" class=\"alignnone  wp-image-216304\" src=\"https:\/\/rna.ao\/rna.ao\/wp-content\/uploads\/2026\/04\/governador-Manuel-Nunes-Junior-embaixadora-do-Reino-dos-Paises-Baixos-Henny-de-Vries-770x416.jpg\" alt=\"\" width=\"402\" height=\"217\" srcset=\"https:\/\/rna.ao\/rna.ao\/wp-content\/uploads\/2026\/04\/governador-Manuel-Nunes-Junior-embaixadora-do-Reino-dos-Paises-Baixos-Henny-de-Vries-770x416.jpg 770w, https:\/\/rna.ao\/rna.ao\/wp-content\/uploads\/2026\/04\/governador-Manuel-Nunes-Junior-embaixadora-do-Reino-dos-Paises-Baixos-Henny-de-Vries-768x415.jpg 768w, https:\/\/rna.ao\/rna.ao\/wp-content\/uploads\/2026\/04\/governador-Manuel-Nunes-Junior-embaixadora-do-Reino-dos-Paises-Baixos-Henny-de-Vries.jpg 1080w\" sizes=\"(max-width: 402px) 100vw, 402px\" \/> <img loading=\"lazy\" class=\"alignnone  wp-image-216305\" src=\"https:\/\/rna.ao\/rna.ao\/wp-content\/uploads\/2026\/04\/governador-Manuel-Nunes-Junior-770x415.jpg\" alt=\"\" width=\"408\" height=\"220\" srcset=\"https:\/\/rna.ao\/rna.ao\/wp-content\/uploads\/2026\/04\/governador-Manuel-Nunes-Junior-770x415.jpg 770w, https:\/\/rna.ao\/rna.ao\/wp-content\/uploads\/2026\/04\/governador-Manuel-Nunes-Junior-1170x630.jpg 1170w, https:\/\/rna.ao\/rna.ao\/wp-content\/uploads\/2026\/04\/governador-Manuel-Nunes-Junior-768x414.jpg 768w, https:\/\/rna.ao\/rna.ao\/wp-content\/uploads\/2026\/04\/governador-Manuel-Nunes-Junior-1536x828.jpg 1536w, https:\/\/rna.ao\/rna.ao\/wp-content\/uploads\/2026\/04\/governador-Manuel-Nunes-Junior.jpg 1600w\" sizes=\"(max-width: 408px) 100vw, 408px\" \/>Os Pa\u00edses Baixos pretendem ajudar o governo de Benguela a solucionar o problema das cheias no rio Cavaco que transbordou depois da enchente causadas pelas chuvas. Para o efeito, o governador de Benguela, Manuel Nunes J\u00fanior, manteve ontem, quarta-feira(29), um encontro com a Embaixadora dos Pa\u00edses Baixos em Angola, Henny de Vries. A diplomata dos Pa\u00edses Baixos j\u00e1 visitou as zonas afectadas pelas cheias. Ou\u00e7a o desenvolvimento desta mat\u00e9ria na voz do jornalista Ismael Macosso clicando no \u00e1udio abaixo:<\/p>\n\t<div class=\"qtmplayer-playlist-large\">\n\t\t<ul class=\"qtmplayer-playlist\">\n\t\t\t\n\t\t\t\t\t<li class=\"qtmplayer-trackitem\">\n\t\t<img src=\"https:\/\/rna.ao\/rna.ao\/wp-content\/uploads\/2026\/04\/Manuel-Nunes-Junior-embaixadora-do-Reino-dos-Paises-Baixos-Henny-de-Vries.-100x100.jpg\" alt=\"cover\">\t\t<span \t\t\tdata-qtmplayer-cover=\"https:\/\/rna.ao\/rna.ao\/wp-content\/uploads\/2026\/04\/Manuel-Nunes-Junior-embaixadora-do-Reino-dos-Paises-Baixos-Henny-de-Vries.-370x370.jpg\"\n\t\t\t\t\t\tdata-qtmplayer-file=\"https:\/\/rna.ao\/rna.ao\/wp-content\/uploads\/2026\/04\/BENGUELA-CHEIAS-00HRS.mp3\"\n\t\t\t\t\t\tdata-qtmplayer-title=\"Pa\u00edses Baixos prontificam-se a ajudar governo de Benguela a resolver o problema das cheias no rio Cavaco\"\n\t\t\t\t\t\tdata-qtmplayer-artist=\"Ant\u00f3nio Augusto\"\n\t\t\t\t\t\tdata-qtmplayer-link=\"https:\/\/rna.ao\/rna.ao\/2026\/04\/30\/paises-baixos-prontificam-se-a-ajudar-governo-de-benguela-a-resolver-o-problema-das-cheias-no-rio-cavaco\/\"\n\t\t\t\t\t\tdata-qtmplayer-icon=\"file_download\"\n\t\t\t\t\t\tdata-qtmplayer-type=\"track\"\n\t\t\t class=\"qtmplayer-play qtmplayer-link-sec qtmplayer-play-btn\"><i class='material-icons'>play_arrow<\/i><\/span>\n\t\t<p>\n\t\t\t<span class=\"qtmplayer-tit\">Pa\u00edses Baixos prontificam-se a ajudar governo de Benguela a resolver o problema das cheias no rio Cavaco<\/span>\n\t\t\t<span class=\"qtmplayer-art\">Ant\u00f3nio Augusto<\/span>\n\t\t<\/p>\n\t<\/li>\n\t\t<\/ul>\n\t<\/div>\t\t\t\n\t\n","protected":false},"excerpt":{"rendered":"<p>Os Pa\u00edses Baixos pretendem ajudar o governo de Benguela a solucionar o problema das cheias no rio Cavaco que transbordou depois da enchente causadas pelas chuvas. Para o efeito, o governador de Benguela, Manuel Nunes J\u00fanior, manteve ontem, quarta-feira(29), um encontro com a Embaixadora dos Pa\u00edses Baixos em Angola, Henny ...<\/p>\n","protected":false},"author":23,"featured_media":216301,"comment_status":"closed","ping_status":"closed","sticky":false,"template":"","format":"standard","meta":[],"categories":[142,121,164,163],"tags":[],"_links":{"self":[{"href":"https:\/\/rna.ao\/rna.ao\/wp-json\/wp\/v2\/posts\/216298"}],"collection":[{"href":"https:\/\/rna.ao\/rna.ao\/wp-json\/wp\/v2\/posts"}],"about":[{"href":"https:\/\/rna.ao\/rna.ao\/wp-json\/wp\/v2\/types\/post"}],"author":[{"embeddable":true,"href":"https:\/\/rna.ao\/rna.ao\/wp-json\/wp\/v2\/users\/23"}],"replies":[{"embeddable":true,"href":"https:\/\/rna.ao\/rna.ao\/wp-json\/wp\/v2\/comments?post=216298"}],"version-history":[{"count":1,"href":"https:\/\/rna.ao\/rna.ao\/wp-json\/wp\/v2\/posts\/216298\/revisions"}],"predecessor-version":[{"id":216307,"href":"https:\/\/rna.ao\/rna.ao\/wp-json\/wp\/v2\/posts\/216298\/revisions\/216307"}],"wp:featuredmedia":[{"embeddable":true,"href":"https:\/\/rna.ao\/rna.ao\/wp-json\/wp\/v2\/media\/216301"}],"wp:attachment":[{"href":"https:\/\/rna.ao\/rna.ao\/wp-json\/wp\/v2\/media?parent=216298"}],"wp:term":[{"taxonomy":"category","embeddable":true,"href":"https:\/\/rna.ao\/rna.ao\/wp-json\/wp\/v2\/categories?post=216298"},{"taxonomy":"post_tag","embeddable":true,"href":"https:\/\/rna.ao\/rna.ao\/wp-json\/wp\/v2\/tags?post=216298"}],"curies":[{"name":"wp","href":"https:\/\/api.w.org\/{rel}","templated":true}]}}