{"id":216272,"date":"2026-04-30T06:55:51","date_gmt":"2026-04-30T05:55:51","guid":{"rendered":"https:\/\/rna.ao\/rna.ao\/?p=216272"},"modified":"2026-04-30T06:55:51","modified_gmt":"2026-04-30T05:55:51","slug":"abraco-solidario-bens-doados-para-a-provincia-de-benguela-comecam-a-ser-escoados-hoje","status":"publish","type":"post","link":"https:\/\/rna.ao\/rna.ao\/2026\/04\/30\/abraco-solidario-bens-doados-para-a-provincia-de-benguela-comecam-a-ser-escoados-hoje\/","title":{"rendered":"Abra\u00e7o solid\u00e1rio: Bens doados para a prov\u00edncia de Benguela come\u00e7am a ser escoados hoje"},"content":{"rendered":"<p><img loading=\"lazy\" class=\"wp-image-216274 aligncenter\" src=\"https:\/\/rna.ao\/rna.ao\/wp-content\/uploads\/2026\/04\/abraco-solidario-Benguela-770x434.jpg\" alt=\"\" width=\"442\" height=\"249\" srcset=\"https:\/\/rna.ao\/rna.ao\/wp-content\/uploads\/2026\/04\/abraco-solidario-Benguela-770x434.jpg 770w, https:\/\/rna.ao\/rna.ao\/wp-content\/uploads\/2026\/04\/abraco-solidario-Benguela-768x432.jpg 768w, https:\/\/rna.ao\/rna.ao\/wp-content\/uploads\/2026\/04\/abraco-solidario-Benguela.jpg 1000w\" sizes=\"(max-width: 442px) 100vw, 442px\" \/>A coordena\u00e7\u00e3o da campanha abra\u00e7o solid\u00e1rio Benguela, diz que apesar do fecho que ocorreu no s\u00e1bado(26), com a realiza\u00e7\u00e3o de um show musical, ainda se assiste a mobiliza\u00e7\u00e3o de empresas e empres\u00e1rios que se juntam a causa. Diante deste quadro de ades\u00e3o, a porta-voz da campanha, Ana Cristina Jeremias diz que n\u00e3o se pode falar j\u00e1 de n\u00fameros consolidados de donativos arrecadados. Clique no \u00e1udio abaixo e ou\u00e7a:<\/p>\n\t<div class=\"qtmplayer-playlist-large\">\n\t\t<ul class=\"qtmplayer-playlist\">\n\t\t\t\n\t\t\t\t\t<li class=\"qtmplayer-trackitem\">\n\t\t<img src=\"https:\/\/rna.ao\/rna.ao\/wp-content\/uploads\/2026\/04\/abraco-solidario-Benguelaa-100x100.jpg\" alt=\"cover\">\t\t<span \t\t\tdata-qtmplayer-cover=\"https:\/\/rna.ao\/rna.ao\/wp-content\/uploads\/2026\/04\/abraco-solidario-Benguelaa-370x370.jpg\"\n\t\t\t\t\t\tdata-qtmplayer-file=\"https:\/\/rna.ao\/rna.ao\/wp-content\/uploads\/2026\/04\/ANA-CRISTINA-20-HRS.mp3\"\n\t\t\t\t\t\tdata-qtmplayer-title=\"Abra\u00e7o solid\u00e1rio: Bens doados para a prov\u00edncia de Benguela come\u00e7am a ser escoados hoje\"\n\t\t\t\t\t\tdata-qtmplayer-artist=\"Ant\u00f3nio Augusto\"\n\t\t\t\t\t\tdata-qtmplayer-link=\"https:\/\/rna.ao\/rna.ao\/2026\/04\/30\/abraco-solidario-bens-doados-para-a-provincia-de-benguela-comecam-a-ser-escoados-hoje\/\"\n\t\t\t\t\t\tdata-qtmplayer-icon=\"file_download\"\n\t\t\t\t\t\tdata-qtmplayer-type=\"track\"\n\t\t\t class=\"qtmplayer-play qtmplayer-link-sec qtmplayer-play-btn\"><i class='material-icons'>play_arrow<\/i><\/span>\n\t\t<p>\n\t\t\t<span class=\"qtmplayer-tit\">Abra\u00e7o solid\u00e1rio: Bens doados para a prov\u00edncia de Benguela come\u00e7am a ser escoados hoje<\/span>\n\t\t\t<span class=\"qtmplayer-art\">Ant\u00f3nio Augusto<\/span>\n\t\t<\/p>\n\t<\/li>\n\t\t<\/ul>\n\t<\/div>\t\t\t\n\t\n","protected":false},"excerpt":{"rendered":"<p>A coordena\u00e7\u00e3o da campanha abra\u00e7o solid\u00e1rio Benguela, diz que apesar do fecho que ocorreu no s\u00e1bado(26), com a realiza\u00e7\u00e3o de um show musical, ainda se assiste a mobiliza\u00e7\u00e3o de empresas e empres\u00e1rios que se juntam a causa. Diante deste quadro de ades\u00e3o, a porta-voz da campanha, Ana Cristina Jeremias diz ...<\/p>\n","protected":false},"author":23,"featured_media":216275,"comment_status":"closed","ping_status":"closed","sticky":false,"template":"","format":"standard","meta":[],"categories":[142,121,164,163],"tags":[],"_links":{"self":[{"href":"https:\/\/rna.ao\/rna.ao\/wp-json\/wp\/v2\/posts\/216272"}],"collection":[{"href":"https:\/\/rna.ao\/rna.ao\/wp-json\/wp\/v2\/posts"}],"about":[{"href":"https:\/\/rna.ao\/rna.ao\/wp-json\/wp\/v2\/types\/post"}],"author":[{"embeddable":true,"href":"https:\/\/rna.ao\/rna.ao\/wp-json\/wp\/v2\/users\/23"}],"replies":[{"embeddable":true,"href":"https:\/\/rna.ao\/rna.ao\/wp-json\/wp\/v2\/comments?post=216272"}],"version-history":[{"count":1,"href":"https:\/\/rna.ao\/rna.ao\/wp-json\/wp\/v2\/posts\/216272\/revisions"}],"predecessor-version":[{"id":216276,"href":"https:\/\/rna.ao\/rna.ao\/wp-json\/wp\/v2\/posts\/216272\/revisions\/216276"}],"wp:featuredmedia":[{"embeddable":true,"href":"https:\/\/rna.ao\/rna.ao\/wp-json\/wp\/v2\/media\/216275"}],"wp:attachment":[{"href":"https:\/\/rna.ao\/rna.ao\/wp-json\/wp\/v2\/media?parent=216272"}],"wp:term":[{"taxonomy":"category","embeddable":true,"href":"https:\/\/rna.ao\/rna.ao\/wp-json\/wp\/v2\/categories?post=216272"},{"taxonomy":"post_tag","embeddable":true,"href":"https:\/\/rna.ao\/rna.ao\/wp-json\/wp\/v2\/tags?post=216272"}],"curies":[{"name":"wp","href":"https:\/\/api.w.org\/{rel}","templated":true}]}}