{"id":216267,"date":"2026-04-29T20:23:06","date_gmt":"2026-04-29T19:23:06","guid":{"rendered":"https:\/\/rna.ao\/rna.ao\/?p=216267"},"modified":"2026-04-29T20:36:22","modified_gmt":"2026-04-29T19:36:22","slug":"presidente-da-republica-nomeia-carla-cativa-para-o-cargo-de-governadora-do-cuando","status":"publish","type":"post","link":"https:\/\/rna.ao\/rna.ao\/2026\/04\/29\/presidente-da-republica-nomeia-carla-cativa-para-o-cargo-de-governadora-do-cuando\/","title":{"rendered":"Carla Cativa \u00e9 a nova governadora do Cuando"},"content":{"rendered":"<p><img loading=\"lazy\" class=\"alignnone size-medium wp-image-216268\" src=\"https:\/\/rna.ao\/rna.ao\/wp-content\/uploads\/2026\/04\/433871C5-2EFD-4433-9E65-E77D6B02B6E7-660x770.jpeg\" alt=\"\" width=\"660\" height=\"770\" srcset=\"https:\/\/rna.ao\/rna.ao\/wp-content\/uploads\/2026\/04\/433871C5-2EFD-4433-9E65-E77D6B02B6E7-660x770.jpeg 660w, https:\/\/rna.ao\/rna.ao\/wp-content\/uploads\/2026\/04\/433871C5-2EFD-4433-9E65-E77D6B02B6E7.jpeg 684w\" sizes=\"(max-width: 660px) 100vw, 660px\" \/><\/p>\n<p>O Presidente da Rep\u00fablica, Jo\u00e3o Louren\u00e7o, nomeou, hoje, por conveni\u00eancia de servi\u00e7o Carla Maria Domingas Cativa, para o cargo de governadora da prov\u00edncia do Cuando.<\/p>\n<div class=\"ql-align-justify\">At\u00e9 \u00e0 data da nomea\u00e7\u00e3o, Carla Maria Domingas Cativa era deputada \u00e0 Assembleia Nacional.<\/div>\n<div class=\"ql-align-justify\"><\/div>\n<div class=\"ql-align-justify\">Carla Maria Domingas Cativa, \u00a0nasceu em 22 de Julho de 1975, e possui um percurso marcado pela milit\u00e2ncia partid\u00e1ria no MPLA e pelo envolvimento em fun\u00e7\u00f5es de dire\u00e7\u00e3o a n\u00edvel provincial e municipal, particularmente no Cuando Cubango, conforme dados publicados no site da Assembleia Nacional.<\/div>\n<div class=\"ql-align-justify\"><\/div>\n<div class=\"ql-align-justify\">\u00c9 p\u00f3s-graduada em Gest\u00e3o Municipal e Unidades Urbanas e professora.<\/div>\n<div class=\"ql-align-justify\"><\/div>\n<div class=\"ql-align-justify\">No plano pol\u00edtico, Carla Cativa construiu uma carreira progressiva dentro das estruturas do MPLA. Entre 2012 e 2014, desempenhou fun\u00e7\u00f5es como primeira-secret\u00e1ria Provincial da JMPLA no Cuando Cubango.<\/div>\n<div class=\"ql-align-justify\"><\/div>\n<div class=\"ql-align-justify\">Em 2018, assumiu o cargo de primeira-secret\u00e1ria do Comit\u00e9 Municipal do Cuangar, tendo posteriormente sido nomeada, em 2020, segunda-secret\u00e1ria do Comit\u00e9 Provincial do partido na mesma regi\u00e3o.<\/div>\n<div class=\"ql-align-justify\"><\/div>\n<div class=\"ql-align-justify\">Eleita deputada pelo c\u00edrculo eleitoral do Cuando Cubango, tomou posse a 16 de Setembro de 2022. Na Assembleia Nacional, integrou a 5.\u00aa Comiss\u00e3o de Economia e Finan\u00e7as, onde participou na an\u00e1lise de pol\u00edticas econ\u00f3micas e fiscais do pa\u00eds. Paralelamente, exercia o cargo de quarta Vice-presidente do Grupo Parlamentar do MPLA.<\/div>\n","protected":false},"excerpt":{"rendered":"<p>O Presidente da Rep\u00fablica, Jo\u00e3o Louren\u00e7o, nomeou, hoje, por conveni\u00eancia de servi\u00e7o Carla Maria Domingas Cativa, para o cargo de governadora da prov\u00edncia do Cuando. At\u00e9 \u00e0 data da nomea\u00e7\u00e3o, Carla Maria Domingas Cativa era deputada \u00e0 Assembleia Nacional. Carla Maria Domingas Cativa, \u00a0nasceu em 22 de Julho de 1975, ...<\/p>\n","protected":false},"author":21,"featured_media":216268,"comment_status":"closed","ping_status":"closed","sticky":false,"template":"","format":"standard","meta":[],"categories":[142,121,164,163],"tags":[],"_links":{"self":[{"href":"https:\/\/rna.ao\/rna.ao\/wp-json\/wp\/v2\/posts\/216267"}],"collection":[{"href":"https:\/\/rna.ao\/rna.ao\/wp-json\/wp\/v2\/posts"}],"about":[{"href":"https:\/\/rna.ao\/rna.ao\/wp-json\/wp\/v2\/types\/post"}],"author":[{"embeddable":true,"href":"https:\/\/rna.ao\/rna.ao\/wp-json\/wp\/v2\/users\/21"}],"replies":[{"embeddable":true,"href":"https:\/\/rna.ao\/rna.ao\/wp-json\/wp\/v2\/comments?post=216267"}],"version-history":[{"count":2,"href":"https:\/\/rna.ao\/rna.ao\/wp-json\/wp\/v2\/posts\/216267\/revisions"}],"predecessor-version":[{"id":216270,"href":"https:\/\/rna.ao\/rna.ao\/wp-json\/wp\/v2\/posts\/216267\/revisions\/216270"}],"wp:featuredmedia":[{"embeddable":true,"href":"https:\/\/rna.ao\/rna.ao\/wp-json\/wp\/v2\/media\/216268"}],"wp:attachment":[{"href":"https:\/\/rna.ao\/rna.ao\/wp-json\/wp\/v2\/media?parent=216267"}],"wp:term":[{"taxonomy":"category","embeddable":true,"href":"https:\/\/rna.ao\/rna.ao\/wp-json\/wp\/v2\/categories?post=216267"},{"taxonomy":"post_tag","embeddable":true,"href":"https:\/\/rna.ao\/rna.ao\/wp-json\/wp\/v2\/tags?post=216267"}],"curies":[{"name":"wp","href":"https:\/\/api.w.org\/{rel}","templated":true}]}}