{"id":216253,"date":"2026-04-29T14:47:08","date_gmt":"2026-04-29T13:47:08","guid":{"rendered":"https:\/\/rna.ao\/rna.ao\/?p=216253"},"modified":"2026-04-29T14:47:08","modified_gmt":"2026-04-29T13:47:08","slug":"tribunal-supremo-inicia-julgamento-da-antiga-ministra-das-pescas-vitoria-de-barros-neto","status":"publish","type":"post","link":"https:\/\/rna.ao\/rna.ao\/2026\/04\/29\/tribunal-supremo-inicia-julgamento-da-antiga-ministra-das-pescas-vitoria-de-barros-neto\/","title":{"rendered":"Tribunal Supremo inicia julgamento da antiga Ministra das Pescas Vit\u00f3ria de Barros Neto"},"content":{"rendered":"<p><img loading=\"lazy\" class=\"alignnone size-medium wp-image-216256\" src=\"https:\/\/rna.ao\/rna.ao\/wp-content\/uploads\/2026\/04\/6275906_imagem-770x578.jpeg\" alt=\"\" width=\"770\" height=\"578\" srcset=\"https:\/\/rna.ao\/rna.ao\/wp-content\/uploads\/2026\/04\/6275906_imagem-770x578.jpeg 770w, https:\/\/rna.ao\/rna.ao\/wp-content\/uploads\/2026\/04\/6275906_imagem-1170x878.jpeg 1170w, https:\/\/rna.ao\/rna.ao\/wp-content\/uploads\/2026\/04\/6275906_imagem-768x576.jpeg 768w, https:\/\/rna.ao\/rna.ao\/wp-content\/uploads\/2026\/04\/6275906_imagem-1536x1152.jpeg 1536w, https:\/\/rna.ao\/rna.ao\/wp-content\/uploads\/2026\/04\/6275906_imagem.jpeg 2048w\" sizes=\"(max-width: 770px) 100vw, 770px\" \/><\/p>\n<p>O Tribunal Supremo deu inicio hoje a sess\u00e3o de julgamento da antiga Ministra das Pescas, Vit\u00f3ria de Barros Neto, acusada pelo Minist\u00e9rio P\u00fablico pela pratica do Crime de Peculato.<\/p>\n<p>O jornalista Ant\u00f3nio Chocolate acompanhou a sess\u00e3o de julgamento. Clique no a\u00fadio abaixo e ou\u00e7a:<\/p>\n\t<div class=\"qtmplayer-playlist-large\">\n\t\t<ul class=\"qtmplayer-playlist\">\n\t\t\t\n\t\t\t\t\t<li class=\"qtmplayer-trackitem\">\n\t\t<img src=\"https:\/\/rna.ao\/rna.ao\/wp-content\/uploads\/2026\/04\/6275906_imagem-100x100.jpeg\" alt=\"cover\">\t\t<span \t\t\tdata-qtmplayer-cover=\"https:\/\/rna.ao\/rna.ao\/wp-content\/uploads\/2026\/04\/6275906_imagem-370x370.jpeg\"\n\t\t\t\t\t\tdata-qtmplayer-file=\"https:\/\/rna.ao\/rna.ao\/wp-content\/uploads\/2026\/04\/ANTONIO-CHOCOLATE-CASO-PESCA-13HRS.mp3\"\n\t\t\t\t\t\tdata-qtmplayer-title=\"Tribunal Supremo inicia julgamento da antiga Ministra das Pescas Vit\u00f3ria de Barros Neto\"\n\t\t\t\t\t\tdata-qtmplayer-artist=\"Patr\u00edcia Campos\"\n\t\t\t\t\t\tdata-qtmplayer-link=\"https:\/\/rna.ao\/rna.ao\/2026\/04\/29\/tribunal-supremo-inicia-julgamento-da-antiga-ministra-das-pescas-vitoria-de-barros-neto\/\"\n\t\t\t\t\t\tdata-qtmplayer-icon=\"file_download\"\n\t\t\t\t\t\tdata-qtmplayer-type=\"track\"\n\t\t\t class=\"qtmplayer-play qtmplayer-link-sec qtmplayer-play-btn\"><i class='material-icons'>play_arrow<\/i><\/span>\n\t\t<p>\n\t\t\t<span class=\"qtmplayer-tit\">Tribunal Supremo inicia julgamento da antiga Ministra das Pescas Vit\u00f3ria de Barros Neto<\/span>\n\t\t\t<span class=\"qtmplayer-art\">Patr\u00edcia Campos<\/span>\n\t\t<\/p>\n\t<\/li>\n\t\t<\/ul>\n\t<\/div>\t\t\t\n\t\n","protected":false},"excerpt":{"rendered":"<p>O Tribunal Supremo deu inicio hoje a sess\u00e3o de julgamento da antiga Ministra das Pescas, Vit\u00f3ria de Barros Neto, acusada pelo Minist\u00e9rio P\u00fablico pela pratica do Crime de Peculato. O jornalista Ant\u00f3nio Chocolate acompanhou a sess\u00e3o de julgamento. Clique no a\u00fadio abaixo e ou\u00e7a:<\/p>\n","protected":false},"author":21,"featured_media":216256,"comment_status":"closed","ping_status":"closed","sticky":false,"template":"","format":"standard","meta":[],"categories":[142,121,164,163],"tags":[],"_links":{"self":[{"href":"https:\/\/rna.ao\/rna.ao\/wp-json\/wp\/v2\/posts\/216253"}],"collection":[{"href":"https:\/\/rna.ao\/rna.ao\/wp-json\/wp\/v2\/posts"}],"about":[{"href":"https:\/\/rna.ao\/rna.ao\/wp-json\/wp\/v2\/types\/post"}],"author":[{"embeddable":true,"href":"https:\/\/rna.ao\/rna.ao\/wp-json\/wp\/v2\/users\/21"}],"replies":[{"embeddable":true,"href":"https:\/\/rna.ao\/rna.ao\/wp-json\/wp\/v2\/comments?post=216253"}],"version-history":[{"count":1,"href":"https:\/\/rna.ao\/rna.ao\/wp-json\/wp\/v2\/posts\/216253\/revisions"}],"predecessor-version":[{"id":216257,"href":"https:\/\/rna.ao\/rna.ao\/wp-json\/wp\/v2\/posts\/216253\/revisions\/216257"}],"wp:featuredmedia":[{"embeddable":true,"href":"https:\/\/rna.ao\/rna.ao\/wp-json\/wp\/v2\/media\/216256"}],"wp:attachment":[{"href":"https:\/\/rna.ao\/rna.ao\/wp-json\/wp\/v2\/media?parent=216253"}],"wp:term":[{"taxonomy":"category","embeddable":true,"href":"https:\/\/rna.ao\/rna.ao\/wp-json\/wp\/v2\/categories?post=216253"},{"taxonomy":"post_tag","embeddable":true,"href":"https:\/\/rna.ao\/rna.ao\/wp-json\/wp\/v2\/tags?post=216253"}],"curies":[{"name":"wp","href":"https:\/\/api.w.org\/{rel}","templated":true}]}}