{"id":216248,"date":"2026-04-29T14:37:08","date_gmt":"2026-04-29T13:37:08","guid":{"rendered":"https:\/\/rna.ao\/rna.ao\/?p=216248"},"modified":"2026-04-29T14:37:08","modified_gmt":"2026-04-29T13:37:08","slug":"provincia-da-huila-regista-excassez-de-combustivel-ha-uma-semana","status":"publish","type":"post","link":"https:\/\/rna.ao\/rna.ao\/2026\/04\/29\/provincia-da-huila-regista-excassez-de-combustivel-ha-uma-semana\/","title":{"rendered":"Prov\u00edncia da Hu\u00edla regista excassez de combust\u00edvel h\u00e1 uma semana"},"content":{"rendered":"<p><img loading=\"lazy\" class=\"alignnone  wp-image-116596\" src=\"https:\/\/rna.ao\/rna.ao\/wp-content\/uploads\/2023\/09\/gasolina.jpg\" alt=\"\" width=\"454\" height=\"258\" \/><\/p>\n<p>H\u00e1 uma semana que a prov\u00edncia da Huila regista escassez de combustivel. A situa\u00e7\u00e3o\u00a0 est\u00e1 a provocar longas filas em alguns postos de abastecimento, criando v\u00e1rios transtornos aos automobilistas e empres\u00e1rios.<\/p>\n<p>JornalistaAnt\u00f3nia Kuzanga. Clique no a\u00fadio abaixo e ou\u00e7a:<\/p>\n\t<div class=\"qtmplayer-playlist-large\">\n\t\t<ul class=\"qtmplayer-playlist\">\n\t\t\t\n\t\t\t\t\t<li class=\"qtmplayer-trackitem\">\n\t\t<img src=\"https:\/\/rna.ao\/rna.ao\/wp-content\/uploads\/2023\/09\/gasolina-100x100.jpg\" alt=\"cover\">\t\t<span \t\t\tdata-qtmplayer-cover=\"https:\/\/rna.ao\/rna.ao\/wp-content\/uploads\/2023\/09\/gasolina.jpg\"\n\t\t\t\t\t\tdata-qtmplayer-file=\"https:\/\/rna.ao\/rna.ao\/wp-content\/uploads\/2026\/04\/HUILA-FALTA-DE-COMBUSTIVEL-13HRS-1.mp3\"\n\t\t\t\t\t\tdata-qtmplayer-title=\"Prov\u00edncia da Hu\u00edla regista excassez de combust\u00edvel h\u00e1 uma semana\"\n\t\t\t\t\t\tdata-qtmplayer-artist=\"Patr\u00edcia Campos\"\n\t\t\t\t\t\tdata-qtmplayer-link=\"https:\/\/rna.ao\/rna.ao\/2026\/04\/29\/provincia-da-huila-regista-excassez-de-combustivel-ha-uma-semana\/\"\n\t\t\t\t\t\tdata-qtmplayer-icon=\"file_download\"\n\t\t\t\t\t\tdata-qtmplayer-type=\"track\"\n\t\t\t class=\"qtmplayer-play qtmplayer-link-sec qtmplayer-play-btn\"><i class='material-icons'>play_arrow<\/i><\/span>\n\t\t<p>\n\t\t\t<span class=\"qtmplayer-tit\">Prov\u00edncia da Hu\u00edla regista excassez de combust\u00edvel h\u00e1 uma semana<\/span>\n\t\t\t<span class=\"qtmplayer-art\">Patr\u00edcia Campos<\/span>\n\t\t<\/p>\n\t<\/li>\n\t\t<\/ul>\n\t<\/div>\t\t\t\n\t\n<p>&nbsp;<\/p>\n","protected":false},"excerpt":{"rendered":"<p>H\u00e1 uma semana que a prov\u00edncia da Huila regista escassez de combustivel. A situa\u00e7\u00e3o\u00a0 est\u00e1 a provocar longas filas em alguns postos de abastecimento, criando v\u00e1rios transtornos aos automobilistas e empres\u00e1rios. JornalistaAnt\u00f3nia Kuzanga. Clique no a\u00fadio abaixo e ou\u00e7a: &nbsp;<\/p>\n","protected":false},"author":21,"featured_media":116596,"comment_status":"closed","ping_status":"closed","sticky":false,"template":"","format":"standard","meta":[],"categories":[142,121,164,163,1],"tags":[],"_links":{"self":[{"href":"https:\/\/rna.ao\/rna.ao\/wp-json\/wp\/v2\/posts\/216248"}],"collection":[{"href":"https:\/\/rna.ao\/rna.ao\/wp-json\/wp\/v2\/posts"}],"about":[{"href":"https:\/\/rna.ao\/rna.ao\/wp-json\/wp\/v2\/types\/post"}],"author":[{"embeddable":true,"href":"https:\/\/rna.ao\/rna.ao\/wp-json\/wp\/v2\/users\/21"}],"replies":[{"embeddable":true,"href":"https:\/\/rna.ao\/rna.ao\/wp-json\/wp\/v2\/comments?post=216248"}],"version-history":[{"count":2,"href":"https:\/\/rna.ao\/rna.ao\/wp-json\/wp\/v2\/posts\/216248\/revisions"}],"predecessor-version":[{"id":216252,"href":"https:\/\/rna.ao\/rna.ao\/wp-json\/wp\/v2\/posts\/216248\/revisions\/216252"}],"wp:featuredmedia":[{"embeddable":true,"href":"https:\/\/rna.ao\/rna.ao\/wp-json\/wp\/v2\/media\/116596"}],"wp:attachment":[{"href":"https:\/\/rna.ao\/rna.ao\/wp-json\/wp\/v2\/media?parent=216248"}],"wp:term":[{"taxonomy":"category","embeddable":true,"href":"https:\/\/rna.ao\/rna.ao\/wp-json\/wp\/v2\/categories?post=216248"},{"taxonomy":"post_tag","embeddable":true,"href":"https:\/\/rna.ao\/rna.ao\/wp-json\/wp\/v2\/tags?post=216248"}],"curies":[{"name":"wp","href":"https:\/\/api.w.org\/{rel}","templated":true}]}}