{"id":216243,"date":"2026-04-29T14:24:38","date_gmt":"2026-04-29T13:24:38","guid":{"rendered":"https:\/\/rna.ao\/rna.ao\/?p=216243"},"modified":"2026-04-29T14:24:38","modified_gmt":"2026-04-29T13:24:38","slug":"aumento-de-casos-de-colera-preoucupa-autoridades-sanitarias-em-benguela","status":"publish","type":"post","link":"https:\/\/rna.ao\/rna.ao\/2026\/04\/29\/aumento-de-casos-de-colera-preoucupa-autoridades-sanitarias-em-benguela\/","title":{"rendered":"Aumento de casos de c\u00f3lera preoucupa autoridades sanit\u00e1rias em Benguela"},"content":{"rendered":"<p><img loading=\"lazy\" class=\"alignnone size-full wp-image-169302\" src=\"https:\/\/rna.ao\/rna.ao\/wp-content\/uploads\/2025\/02\/colera.jpg\" alt=\"\" width=\"504\" height=\"288\" \/><\/p>\n<p>A prov\u00edncia de Benguela regista um aumento de casos de c\u00f3lera, facto que est\u00e1 a preocupar as autoridades, que apelam os cidad\u00e3os a redobrarem os cuidados de higiene.<\/p>\n<p>Os dados das \u00faltimas 24 horas apontam para o registo de 50 casos da doen\u00e7a.\u00a0 Os munic\u00edpios da Baia Farta, Benguela e Navegantes s\u00e3o os mais afectados . Jornalista Artur Fortunato. Clique no a\u00fadio abaixo e ou\u00e7a:<\/p>\n\t<div class=\"qtmplayer-playlist-large\">\n\t\t<ul class=\"qtmplayer-playlist\">\n\t\t\t\n\t\t\t\t\t<li class=\"qtmplayer-trackitem\">\n\t\t<img src=\"https:\/\/rna.ao\/rna.ao\/wp-content\/uploads\/2024\/02\/colera-100x100.jpg\" alt=\"cover\">\t\t<span \t\t\tdata-qtmplayer-cover=\"https:\/\/rna.ao\/rna.ao\/wp-content\/uploads\/2024\/02\/colera.jpg\"\n\t\t\t\t\t\tdata-qtmplayer-file=\"https:\/\/rna.ao\/rna.ao\/wp-content\/uploads\/2026\/04\/BENGUELA-COLERA-13HRS.mp3\"\n\t\t\t\t\t\tdata-qtmplayer-title=\"Aumento de casos de c\u00f3lera preoucupa autoridades sanit\u00e1rias em Benguela\"\n\t\t\t\t\t\tdata-qtmplayer-artist=\"Patr\u00edcia Campos\"\n\t\t\t\t\t\tdata-qtmplayer-link=\"https:\/\/rna.ao\/rna.ao\/2026\/04\/29\/aumento-de-casos-de-colera-preoucupa-autoridades-sanitarias-em-benguela\/\"\n\t\t\t\t\t\tdata-qtmplayer-icon=\"file_download\"\n\t\t\t\t\t\tdata-qtmplayer-type=\"track\"\n\t\t\t class=\"qtmplayer-play qtmplayer-link-sec qtmplayer-play-btn\"><i class='material-icons'>play_arrow<\/i><\/span>\n\t\t<p>\n\t\t\t<span class=\"qtmplayer-tit\">Aumento de casos de c\u00f3lera preoucupa autoridades sanit\u00e1rias em Benguela<\/span>\n\t\t\t<span class=\"qtmplayer-art\">Patr\u00edcia Campos<\/span>\n\t\t<\/p>\n\t<\/li>\n\t\t<\/ul>\n\t<\/div>\t\t\t\n\t\n","protected":false},"excerpt":{"rendered":"<p>A prov\u00edncia de Benguela regista um aumento de casos de c\u00f3lera, facto que est\u00e1 a preocupar as autoridades, que apelam os cidad\u00e3os a redobrarem os cuidados de higiene. Os dados das \u00faltimas 24 horas apontam para o registo de 50 casos da doen\u00e7a.\u00a0 Os munic\u00edpios da Baia Farta, Benguela e ...<\/p>\n","protected":false},"author":21,"featured_media":130599,"comment_status":"closed","ping_status":"closed","sticky":false,"template":"","format":"standard","meta":[],"categories":[142,121,164,163],"tags":[],"_links":{"self":[{"href":"https:\/\/rna.ao\/rna.ao\/wp-json\/wp\/v2\/posts\/216243"}],"collection":[{"href":"https:\/\/rna.ao\/rna.ao\/wp-json\/wp\/v2\/posts"}],"about":[{"href":"https:\/\/rna.ao\/rna.ao\/wp-json\/wp\/v2\/types\/post"}],"author":[{"embeddable":true,"href":"https:\/\/rna.ao\/rna.ao\/wp-json\/wp\/v2\/users\/21"}],"replies":[{"embeddable":true,"href":"https:\/\/rna.ao\/rna.ao\/wp-json\/wp\/v2\/comments?post=216243"}],"version-history":[{"count":1,"href":"https:\/\/rna.ao\/rna.ao\/wp-json\/wp\/v2\/posts\/216243\/revisions"}],"predecessor-version":[{"id":216245,"href":"https:\/\/rna.ao\/rna.ao\/wp-json\/wp\/v2\/posts\/216243\/revisions\/216245"}],"wp:featuredmedia":[{"embeddable":true,"href":"https:\/\/rna.ao\/rna.ao\/wp-json\/wp\/v2\/media\/130599"}],"wp:attachment":[{"href":"https:\/\/rna.ao\/rna.ao\/wp-json\/wp\/v2\/media?parent=216243"}],"wp:term":[{"taxonomy":"category","embeddable":true,"href":"https:\/\/rna.ao\/rna.ao\/wp-json\/wp\/v2\/categories?post=216243"},{"taxonomy":"post_tag","embeddable":true,"href":"https:\/\/rna.ao\/rna.ao\/wp-json\/wp\/v2\/tags?post=216243"}],"curies":[{"name":"wp","href":"https:\/\/api.w.org\/{rel}","templated":true}]}}