{"id":216222,"date":"2026-04-29T13:29:27","date_gmt":"2026-04-29T12:29:27","guid":{"rendered":"https:\/\/rna.ao\/rna.ao\/?p=216222"},"modified":"2026-04-29T13:32:18","modified_gmt":"2026-04-29T12:32:18","slug":"216222","status":"publish","type":"post","link":"https:\/\/rna.ao\/rna.ao\/2026\/04\/29\/216222\/","title":{"rendered":"Conselho de Ministros aprova proposta de lei do Bilhete de Identidade"},"content":{"rendered":"<p>&nbsp;<\/p>\n<p><img loading=\"lazy\" class=\"alignnone size-full wp-image-108057\" src=\"https:\/\/rna.ao\/rna.ao\/wp-content\/uploads\/2023\/07\/Conselho-de-Ministros.jpg\" alt=\"\" width=\"369\" height=\"207\" \/><\/p>\n<p>O conselho de Ministros aprovou esta Quarta-feira, a proposta de lei do Bilhete de Identidade.<\/p>\n<p>O diploma vai congregar as mat\u00e9rias reguladoras do BI e estabelece a obrigat\u00f3riedade da utiliza\u00e7\u00e3o do bilhete de identidade como documento de identifica\u00e7\u00e3o. Jornalista Sany Fuche. Clique no a\u00fadio abaixo e ou\u00e7a:<\/p>\n\t<div class=\"qtmplayer-playlist-large\">\n\t\t<ul class=\"qtmplayer-playlist\">\n\t\t\t\n\t\t\t\t\t<li class=\"qtmplayer-trackitem\">\n\t\t<img src=\"https:\/\/rna.ao\/rna.ao\/wp-content\/uploads\/2026\/04\/Conselho-de-Ministros-100x100.jpg\" alt=\"cover\">\t\t<span \t\t\tdata-qtmplayer-cover=\"https:\/\/rna.ao\/rna.ao\/wp-content\/uploads\/2026\/04\/Conselho-de-Ministros.jpg\"\n\t\t\t\t\t\tdata-qtmplayer-file=\"https:\/\/rna.ao\/rna.ao\/wp-content\/uploads\/2026\/04\/SANY-FUCHE-13HRS-2.mp3\"\n\t\t\t\t\t\tdata-qtmplayer-title=\"Conselho de Ministros aprova proposta de lei do Bilhete de Identidade\"\n\t\t\t\t\t\tdata-qtmplayer-artist=\"Patr\u00edcia Campos\"\n\t\t\t\t\t\tdata-qtmplayer-link=\"https:\/\/rna.ao\/rna.ao\/2026\/04\/29\/216222\/\"\n\t\t\t\t\t\tdata-qtmplayer-icon=\"file_download\"\n\t\t\t\t\t\tdata-qtmplayer-type=\"track\"\n\t\t\t class=\"qtmplayer-play qtmplayer-link-sec qtmplayer-play-btn\"><i class='material-icons'>play_arrow<\/i><\/span>\n\t\t<p>\n\t\t\t<span class=\"qtmplayer-tit\">Conselho de Ministros aprova proposta de lei do Bilhete de Identidade<\/span>\n\t\t\t<span class=\"qtmplayer-art\">Patr\u00edcia Campos<\/span>\n\t\t<\/p>\n\t<\/li>\n\t\t<\/ul>\n\t<\/div>\t\t\t\n\t\n","protected":false},"excerpt":{"rendered":"<p>&nbsp; O conselho de Ministros aprovou esta Quarta-feira, a proposta de lei do Bilhete de Identidade. O diploma vai congregar as mat\u00e9rias reguladoras do BI e estabelece a obrigat\u00f3riedade da utiliza\u00e7\u00e3o do bilhete de identidade como documento de identifica\u00e7\u00e3o. Jornalista Sany Fuche. Clique no a\u00fadio abaixo e ou\u00e7a:<\/p>\n","protected":false},"author":21,"featured_media":216225,"comment_status":"closed","ping_status":"closed","sticky":false,"template":"","format":"standard","meta":[],"categories":[142,121,164,163],"tags":[],"_links":{"self":[{"href":"https:\/\/rna.ao\/rna.ao\/wp-json\/wp\/v2\/posts\/216222"}],"collection":[{"href":"https:\/\/rna.ao\/rna.ao\/wp-json\/wp\/v2\/posts"}],"about":[{"href":"https:\/\/rna.ao\/rna.ao\/wp-json\/wp\/v2\/types\/post"}],"author":[{"embeddable":true,"href":"https:\/\/rna.ao\/rna.ao\/wp-json\/wp\/v2\/users\/21"}],"replies":[{"embeddable":true,"href":"https:\/\/rna.ao\/rna.ao\/wp-json\/wp\/v2\/comments?post=216222"}],"version-history":[{"count":4,"href":"https:\/\/rna.ao\/rna.ao\/wp-json\/wp\/v2\/posts\/216222\/revisions"}],"predecessor-version":[{"id":216228,"href":"https:\/\/rna.ao\/rna.ao\/wp-json\/wp\/v2\/posts\/216222\/revisions\/216228"}],"wp:featuredmedia":[{"embeddable":true,"href":"https:\/\/rna.ao\/rna.ao\/wp-json\/wp\/v2\/media\/216225"}],"wp:attachment":[{"href":"https:\/\/rna.ao\/rna.ao\/wp-json\/wp\/v2\/media?parent=216222"}],"wp:term":[{"taxonomy":"category","embeddable":true,"href":"https:\/\/rna.ao\/rna.ao\/wp-json\/wp\/v2\/categories?post=216222"},{"taxonomy":"post_tag","embeddable":true,"href":"https:\/\/rna.ao\/rna.ao\/wp-json\/wp\/v2\/tags?post=216222"}],"curies":[{"name":"wp","href":"https:\/\/api.w.org\/{rel}","templated":true}]}}