{"id":216210,"date":"2026-04-29T12:53:06","date_gmt":"2026-04-29T11:53:06","guid":{"rendered":"https:\/\/rna.ao\/rna.ao\/?p=216210"},"modified":"2026-04-29T13:04:36","modified_gmt":"2026-04-29T12:04:36","slug":"presidente-da-republica-nomeia-lucio-goncalves-amaral-para-o-cargo-de-ministro-da-defesa-nacional-antigos-combatentes-e-veteranos-da-patria","status":"publish","type":"post","link":"https:\/\/rna.ao\/rna.ao\/2026\/04\/29\/presidente-da-republica-nomeia-lucio-goncalves-amaral-para-o-cargo-de-ministro-da-defesa-nacional-antigos-combatentes-e-veteranos-da-patria\/","title":{"rendered":"Presidente da Rep\u00fablica nomeia L\u00facio Gon\u00e7alves Amaral para o cargo de Ministro da Defesa Nacional, Antigos Combatentes e Veteranos da P\u00e1tria"},"content":{"rendered":"<p><img loading=\"lazy\" class=\"alignnone size-full wp-image-216213\" src=\"https:\/\/rna.ao\/rna.ao\/wp-content\/uploads\/2026\/04\/552801250314571738073697.jpg\" alt=\"\" width=\"400\" height=\"400\" srcset=\"https:\/\/rna.ao\/rna.ao\/wp-content\/uploads\/2026\/04\/552801250314571738073697.jpg 400w, https:\/\/rna.ao\/rna.ao\/wp-content\/uploads\/2026\/04\/552801250314571738073697-150x150.jpg 150w, https:\/\/rna.ao\/rna.ao\/wp-content\/uploads\/2026\/04\/552801250314571738073697-100x100.jpg 100w, https:\/\/rna.ao\/rna.ao\/wp-content\/uploads\/2026\/04\/552801250314571738073697-370x370.jpg 370w\" sizes=\"(max-width: 400px) 100vw, 400px\" \/><\/p>\n<p>O Presidente da Rep\u00fablica, Jo\u00e3o Manuel Gon\u00e7alves Louren\u00e7o, nomeou hoje, por conveni\u00eancia de servi\u00e7o, L\u00facio Gon\u00e7alves Amaral, para o cargo de Ministro da Defesa Nacional, Antigos Combatentes e Veteranos da P\u00e1tria.<\/p>\n<p>Previamente, e noutro decreto, L\u00facio Gon\u00e7alves Amaral foi exonerado do cargo de Governador da prov\u00edncia do Cuando, para o qual havia sido nomeado em Novembro de 2024.<\/p>\n<p>Para o Cargo de governadora da prov\u00edncia do Cuando, o Presidente Jo\u00e3o Louren\u00e7o nomeou Carla M\u00e1ria Domingas Cativa.<\/p>\n","protected":false},"excerpt":{"rendered":"<p>O Presidente da Rep\u00fablica, Jo\u00e3o Manuel Gon\u00e7alves Louren\u00e7o, nomeou hoje, por conveni\u00eancia de servi\u00e7o, L\u00facio Gon\u00e7alves Amaral, para o cargo de Ministro da Defesa Nacional, Antigos Combatentes e Veteranos da P\u00e1tria. Previamente, e noutro decreto, L\u00facio Gon\u00e7alves Amaral foi exonerado do cargo de Governador da prov\u00edncia do Cuando, para o ...<\/p>\n","protected":false},"author":21,"featured_media":216213,"comment_status":"closed","ping_status":"closed","sticky":false,"template":"","format":"standard","meta":[],"categories":[142,121,164,163],"tags":[],"_links":{"self":[{"href":"https:\/\/rna.ao\/rna.ao\/wp-json\/wp\/v2\/posts\/216210"}],"collection":[{"href":"https:\/\/rna.ao\/rna.ao\/wp-json\/wp\/v2\/posts"}],"about":[{"href":"https:\/\/rna.ao\/rna.ao\/wp-json\/wp\/v2\/types\/post"}],"author":[{"embeddable":true,"href":"https:\/\/rna.ao\/rna.ao\/wp-json\/wp\/v2\/users\/21"}],"replies":[{"embeddable":true,"href":"https:\/\/rna.ao\/rna.ao\/wp-json\/wp\/v2\/comments?post=216210"}],"version-history":[{"count":6,"href":"https:\/\/rna.ao\/rna.ao\/wp-json\/wp\/v2\/posts\/216210\/revisions"}],"predecessor-version":[{"id":216220,"href":"https:\/\/rna.ao\/rna.ao\/wp-json\/wp\/v2\/posts\/216210\/revisions\/216220"}],"wp:featuredmedia":[{"embeddable":true,"href":"https:\/\/rna.ao\/rna.ao\/wp-json\/wp\/v2\/media\/216213"}],"wp:attachment":[{"href":"https:\/\/rna.ao\/rna.ao\/wp-json\/wp\/v2\/media?parent=216210"}],"wp:term":[{"taxonomy":"category","embeddable":true,"href":"https:\/\/rna.ao\/rna.ao\/wp-json\/wp\/v2\/categories?post=216210"},{"taxonomy":"post_tag","embeddable":true,"href":"https:\/\/rna.ao\/rna.ao\/wp-json\/wp\/v2\/tags?post=216210"}],"curies":[{"name":"wp","href":"https:\/\/api.w.org\/{rel}","templated":true}]}}