{"id":216192,"date":"2026-04-29T11:48:11","date_gmt":"2026-04-29T10:48:11","guid":{"rendered":"https:\/\/rna.ao\/rna.ao\/?p=216192"},"modified":"2026-04-29T12:58:27","modified_gmt":"2026-04-29T11:58:27","slug":"presidente-da-republica-confere-posse-ao-novo-ministro-de-estado-e-chefe-da-casa-militar-joao-ernesto-dos-santos-liberdade","status":"publish","type":"post","link":"https:\/\/rna.ao\/rna.ao\/2026\/04\/29\/presidente-da-republica-confere-posse-ao-novo-ministro-de-estado-e-chefe-da-casa-militar-joao-ernesto-dos-santos-liberdade\/","title":{"rendered":"Novo Ministro de Estado e Chefe da Casa Militar Jo\u00e3o Ernesto dos Santos Liberdade j\u00e1 em fun\u00e7\u00f5es"},"content":{"rendered":"<p><img loading=\"lazy\" class=\"alignnone size-medium wp-image-216193\" src=\"https:\/\/rna.ao\/rna.ao\/wp-content\/uploads\/2026\/04\/6275892_imagem-770x597.jpeg\" alt=\"\" width=\"770\" height=\"597\" srcset=\"https:\/\/rna.ao\/rna.ao\/wp-content\/uploads\/2026\/04\/6275892_imagem-770x597.jpeg 770w, https:\/\/rna.ao\/rna.ao\/wp-content\/uploads\/2026\/04\/6275892_imagem-1170x907.jpeg 1170w, https:\/\/rna.ao\/rna.ao\/wp-content\/uploads\/2026\/04\/6275892_imagem-768x596.jpeg 768w, https:\/\/rna.ao\/rna.ao\/wp-content\/uploads\/2026\/04\/6275892_imagem-1536x1191.jpeg 1536w, https:\/\/rna.ao\/rna.ao\/wp-content\/uploads\/2026\/04\/6275892_imagem-2048x1588.jpeg 2048w\" sizes=\"(max-width: 770px) 100vw, 770px\" \/><\/p>\n<p>O Presidente da Rep\u00fablica, Jo\u00e3o Louren\u00e7o, conferiu, hoje, posse ao novo Ministro de Estado e chefe da Casa Militar, Jo\u00e3o Ernesto dos Santos Liberdade.<\/p>\n<p>Em cerim\u00f3nia realizada esta quarta-feira no Palacio da Cidade alta, o Presidente da Rep\u00fablica, \u00a0Jo\u00e3o Louren\u00e7o, real\u00e7ou a idoneidade e autoridade do general Jo\u00e3o Ernesto dos Santos &#8220;Liberdade&#8221;, no exerc\u00edcio das fun\u00e7\u00f5es de Ministro de Estado e chefe da Casa Militar do Presidente da Rep\u00fablica.<\/p>\n<p>Ao intervir na cerim\u00f3nia de posse, o Chefe de Estado sublinhou a experi\u00eancia do empossado e o respeito que conquistou junto das For\u00e7as Armadas Angolanas. Jornalista Helder Silva. Clique no audio abaixo e ou\u00e7a:<\/p>\n\t<div class=\"qtmplayer-playlist-large\">\n\t\t<ul class=\"qtmplayer-playlist\">\n\t\t\t\n\t\t\t\t\t<li class=\"qtmplayer-trackitem\">\n\t\t<img src=\"https:\/\/rna.ao\/rna.ao\/wp-content\/uploads\/2026\/04\/6275892_imagem-100x100.jpeg\" alt=\"cover\">\t\t<span \t\t\tdata-qtmplayer-cover=\"https:\/\/rna.ao\/rna.ao\/wp-content\/uploads\/2026\/04\/6275892_imagem-370x370.jpeg\"\n\t\t\t\t\t\tdata-qtmplayer-file=\"https:\/\/rna.ao\/rna.ao\/wp-content\/uploads\/2026\/04\/HELDER-SILVA-13HRS-4.mp3\"\n\t\t\t\t\t\tdata-qtmplayer-title=\"Novo Ministro de Estado e Chefe da Casa Militar Jo\u00e3o Ernesto dos Santos Liberdade j\u00e1 em fun\u00e7\u00f5es\"\n\t\t\t\t\t\tdata-qtmplayer-artist=\"Patr\u00edcia Campos\"\n\t\t\t\t\t\tdata-qtmplayer-link=\"https:\/\/rna.ao\/rna.ao\/2026\/04\/29\/presidente-da-republica-confere-posse-ao-novo-ministro-de-estado-e-chefe-da-casa-militar-joao-ernesto-dos-santos-liberdade\/\"\n\t\t\t\t\t\tdata-qtmplayer-icon=\"file_download\"\n\t\t\t\t\t\tdata-qtmplayer-type=\"track\"\n\t\t\t class=\"qtmplayer-play qtmplayer-link-sec qtmplayer-play-btn\"><i class='material-icons'>play_arrow<\/i><\/span>\n\t\t<p>\n\t\t\t<span class=\"qtmplayer-tit\">Novo Ministro de Estado e Chefe da Casa Militar Jo\u00e3o Ernesto dos Santos Liberdade j\u00e1 em fun\u00e7\u00f5es<\/span>\n\t\t\t<span class=\"qtmplayer-art\">Patr\u00edcia Campos<\/span>\n\t\t<\/p>\n\t<\/li>\n\t\t<\/ul>\n\t<\/div>\t\t\t\n\t\n<p>&nbsp;<\/p>\n","protected":false},"excerpt":{"rendered":"<p>O Presidente da Rep\u00fablica, Jo\u00e3o Louren\u00e7o, conferiu, hoje, posse ao novo Ministro de Estado e chefe da Casa Militar, Jo\u00e3o Ernesto dos Santos Liberdade. Em cerim\u00f3nia realizada esta quarta-feira no Palacio da Cidade alta, o Presidente da Rep\u00fablica, \u00a0Jo\u00e3o Louren\u00e7o, real\u00e7ou a idoneidade e autoridade do general Jo\u00e3o Ernesto dos ...<\/p>\n","protected":false},"author":21,"featured_media":216193,"comment_status":"closed","ping_status":"closed","sticky":false,"template":"","format":"standard","meta":[],"categories":[142,121,164,163],"tags":[],"_links":{"self":[{"href":"https:\/\/rna.ao\/rna.ao\/wp-json\/wp\/v2\/posts\/216192"}],"collection":[{"href":"https:\/\/rna.ao\/rna.ao\/wp-json\/wp\/v2\/posts"}],"about":[{"href":"https:\/\/rna.ao\/rna.ao\/wp-json\/wp\/v2\/types\/post"}],"author":[{"embeddable":true,"href":"https:\/\/rna.ao\/rna.ao\/wp-json\/wp\/v2\/users\/21"}],"replies":[{"embeddable":true,"href":"https:\/\/rna.ao\/rna.ao\/wp-json\/wp\/v2\/comments?post=216192"}],"version-history":[{"count":2,"href":"https:\/\/rna.ao\/rna.ao\/wp-json\/wp\/v2\/posts\/216192\/revisions"}],"predecessor-version":[{"id":216218,"href":"https:\/\/rna.ao\/rna.ao\/wp-json\/wp\/v2\/posts\/216192\/revisions\/216218"}],"wp:featuredmedia":[{"embeddable":true,"href":"https:\/\/rna.ao\/rna.ao\/wp-json\/wp\/v2\/media\/216193"}],"wp:attachment":[{"href":"https:\/\/rna.ao\/rna.ao\/wp-json\/wp\/v2\/media?parent=216192"}],"wp:term":[{"taxonomy":"category","embeddable":true,"href":"https:\/\/rna.ao\/rna.ao\/wp-json\/wp\/v2\/categories?post=216192"},{"taxonomy":"post_tag","embeddable":true,"href":"https:\/\/rna.ao\/rna.ao\/wp-json\/wp\/v2\/tags?post=216192"}],"curies":[{"name":"wp","href":"https:\/\/api.w.org\/{rel}","templated":true}]}}