{"id":216176,"date":"2026-04-29T10:16:01","date_gmt":"2026-04-29T09:16:01","guid":{"rendered":"https:\/\/rna.ao\/rna.ao\/?p=216176"},"modified":"2026-04-29T10:17:18","modified_gmt":"2026-04-29T09:17:18","slug":"antiga-ministra-das-pescas-comeca-a-ser-julgada-hoje","status":"publish","type":"post","link":"https:\/\/rna.ao\/rna.ao\/2026\/04\/29\/antiga-ministra-das-pescas-comeca-a-ser-julgada-hoje\/","title":{"rendered":"Antiga Ministra das Pescas Vit\u00f3ria de Barros Neto come\u00e7a a ser julgada hoje"},"content":{"rendered":"<p><img loading=\"lazy\" class=\"alignnone size-medium wp-image-216064\" src=\"https:\/\/rna.ao\/rna.ao\/wp-content\/uploads\/2026\/04\/IMG_8627-1-770x564.jpeg\" alt=\"\" width=\"770\" height=\"564\" srcset=\"https:\/\/rna.ao\/rna.ao\/wp-content\/uploads\/2026\/04\/IMG_8627-1-770x564.jpeg 770w, https:\/\/rna.ao\/rna.ao\/wp-content\/uploads\/2026\/04\/IMG_8627-1-1170x856.jpeg 1170w, https:\/\/rna.ao\/rna.ao\/wp-content\/uploads\/2026\/04\/IMG_8627-1-768x562.jpeg 768w, https:\/\/rna.ao\/rna.ao\/wp-content\/uploads\/2026\/04\/IMG_8627-1-1536x1124.jpeg 1536w, https:\/\/rna.ao\/rna.ao\/wp-content\/uploads\/2026\/04\/IMG_8627-1.jpeg 1600w\" sizes=\"(max-width: 770px) 100vw, 770px\" \/><\/p>\n<p>O Tribunal Supremo d\u00e1 in\u00edcio, nesta quarta-feira, ao julgamento da antiga Ministra das Pescas. Vit\u00f3ria de Barros Neto \u00e9 acusada do crime de peculato.<\/p>\n<p>Al\u00e9m da ex-governante, respondem igualmente em tribunal Rafael Virg\u00edlio Pascoal, Yanga Nsalamby M\u00e1rio e Jaime Domingos Alves Primo, todos acusados pelo crime de peculato.<\/p>\n<p>A audi\u00eancia\u00a0 vai decorrer na sala de sess\u00f5es do Tribunal Supremo, sob condu\u00e7\u00e3o de um colectivo de ju\u00edzes conselheiros liderado por Jo\u00e3o Fuantoni, na qualidade de relator do processo. O colectivo integra ainda os ju\u00edzes conselheiros Nazar\u00e9 Pascoal e Artur Gunza.<\/p>\n<p>O an\u00fancio foi feito pelo porta-voz do Tribunal Supremo, Leandro Lopes. Clique no \u00e1udio e ou\u00e7a:<\/p>\n\t<div class=\"qtmplayer-playlist-large\">\n\t\t<ul class=\"qtmplayer-playlist\">\n\t\t\t\n\t\t\t\t\t<li class=\"qtmplayer-trackitem\">\n\t\t<img src=\"https:\/\/rna.ao\/rna.ao\/wp-content\/uploads\/2026\/04\/IMG_8627-100x100.jpeg\" alt=\"cover\">\t\t<span \t\t\tdata-qtmplayer-cover=\"https:\/\/rna.ao\/rna.ao\/wp-content\/uploads\/2026\/04\/IMG_8627-370x370.jpeg\"\n\t\t\t\t\t\tdata-qtmplayer-file=\"https:\/\/rna.ao\/rna.ao\/wp-content\/uploads\/2026\/04\/LEANDRO-LOPES-PEDRO-06-HRS.mp3\"\n\t\t\t\t\t\tdata-qtmplayer-title=\"Antiga Ministra das Pescas Vit\u00f3ria de Barros Neto come\u00e7a a ser julgada hoje\"\n\t\t\t\t\t\tdata-qtmplayer-artist=\"Patr\u00edcia Campos\"\n\t\t\t\t\t\tdata-qtmplayer-link=\"https:\/\/rna.ao\/rna.ao\/2026\/04\/29\/antiga-ministra-das-pescas-comeca-a-ser-julgada-hoje\/\"\n\t\t\t\t\t\tdata-qtmplayer-icon=\"file_download\"\n\t\t\t\t\t\tdata-qtmplayer-type=\"track\"\n\t\t\t class=\"qtmplayer-play qtmplayer-link-sec qtmplayer-play-btn\"><i class='material-icons'>play_arrow<\/i><\/span>\n\t\t<p>\n\t\t\t<span class=\"qtmplayer-tit\">Antiga Ministra das Pescas Vit\u00f3ria de Barros Neto come\u00e7a a ser julgada hoje<\/span>\n\t\t\t<span class=\"qtmplayer-art\">Patr\u00edcia Campos<\/span>\n\t\t<\/p>\n\t<\/li>\n\t\t<\/ul>\n\t<\/div>\t\t\t\n\t\n<div class=\"google-auto-placed ap_container\"><\/div>\n","protected":false},"excerpt":{"rendered":"<p>O Tribunal Supremo d\u00e1 in\u00edcio, nesta quarta-feira, ao julgamento da antiga Ministra das Pescas. Vit\u00f3ria de Barros Neto \u00e9 acusada do crime de peculato. Al\u00e9m da ex-governante, respondem igualmente em tribunal Rafael Virg\u00edlio Pascoal, Yanga Nsalamby M\u00e1rio e Jaime Domingos Alves Primo, todos acusados pelo crime de peculato. A audi\u00eancia\u00a0 ...<\/p>\n","protected":false},"author":21,"featured_media":216063,"comment_status":"closed","ping_status":"closed","sticky":false,"template":"","format":"standard","meta":[],"categories":[142,121,164,163],"tags":[],"_links":{"self":[{"href":"https:\/\/rna.ao\/rna.ao\/wp-json\/wp\/v2\/posts\/216176"}],"collection":[{"href":"https:\/\/rna.ao\/rna.ao\/wp-json\/wp\/v2\/posts"}],"about":[{"href":"https:\/\/rna.ao\/rna.ao\/wp-json\/wp\/v2\/types\/post"}],"author":[{"embeddable":true,"href":"https:\/\/rna.ao\/rna.ao\/wp-json\/wp\/v2\/users\/21"}],"replies":[{"embeddable":true,"href":"https:\/\/rna.ao\/rna.ao\/wp-json\/wp\/v2\/comments?post=216176"}],"version-history":[{"count":3,"href":"https:\/\/rna.ao\/rna.ao\/wp-json\/wp\/v2\/posts\/216176\/revisions"}],"predecessor-version":[{"id":216180,"href":"https:\/\/rna.ao\/rna.ao\/wp-json\/wp\/v2\/posts\/216176\/revisions\/216180"}],"wp:featuredmedia":[{"embeddable":true,"href":"https:\/\/rna.ao\/rna.ao\/wp-json\/wp\/v2\/media\/216063"}],"wp:attachment":[{"href":"https:\/\/rna.ao\/rna.ao\/wp-json\/wp\/v2\/media?parent=216176"}],"wp:term":[{"taxonomy":"category","embeddable":true,"href":"https:\/\/rna.ao\/rna.ao\/wp-json\/wp\/v2\/categories?post=216176"},{"taxonomy":"post_tag","embeddable":true,"href":"https:\/\/rna.ao\/rna.ao\/wp-json\/wp\/v2\/tags?post=216176"}],"curies":[{"name":"wp","href":"https:\/\/api.w.org\/{rel}","templated":true}]}}