{"id":216173,"date":"2026-04-29T10:02:55","date_gmt":"2026-04-29T09:02:55","guid":{"rendered":"https:\/\/rna.ao\/rna.ao\/?p=216173"},"modified":"2026-04-29T10:02:55","modified_gmt":"2026-04-29T09:02:55","slug":"zaire-segunda-fase-da-urbanizacao-teta-lando-preve-construir-mil-e-quinhentas-residencias","status":"publish","type":"post","link":"https:\/\/rna.ao\/rna.ao\/2026\/04\/29\/zaire-segunda-fase-da-urbanizacao-teta-lando-preve-construir-mil-e-quinhentas-residencias\/","title":{"rendered":"Zaire: Segunda fase da Urbaniza\u00e7\u00e3o Teta Lando prev\u00ea construir mil e quinhentas resid\u00eancias"},"content":{"rendered":"<p><img loading=\"lazy\" class=\"alignnone size-medium wp-image-216120\" src=\"https:\/\/rna.ao\/rna.ao\/wp-content\/uploads\/2026\/04\/IMG_8652-433x770.jpeg\" alt=\"\" width=\"433\" height=\"770\" srcset=\"https:\/\/rna.ao\/rna.ao\/wp-content\/uploads\/2026\/04\/IMG_8652-433x770.jpeg 433w, https:\/\/rna.ao\/rna.ao\/wp-content\/uploads\/2026\/04\/IMG_8652-658x1170.jpeg 658w, https:\/\/rna.ao\/rna.ao\/wp-content\/uploads\/2026\/04\/IMG_8652-768x1365.jpeg 768w, https:\/\/rna.ao\/rna.ao\/wp-content\/uploads\/2026\/04\/IMG_8652-864x1536.jpeg 864w, https:\/\/rna.ao\/rna.ao\/wp-content\/uploads\/2026\/04\/IMG_8652.jpeg 1152w\" sizes=\"(max-width: 433px) 100vw, 433px\" \/><\/p>\n<p>Mais de mil e quinhentas residencias\u00a0 v\u00e3o ser constru\u00eddas no Zaire, no quadro da segunda fase da Urbaniza\u00e7\u00e3o de Mabanza Congo &#8221; Alberto Teta Lando&#8221;<\/p>\n<p>A primeira pedra para a constura\u00e7ao desta segunda fase do projecto foi lan\u00e7ada esta Ter\u00e7a-feira, depois da inaugura\u00e7ao da promeira fase com 200 habita\u00e7oes. Lu\u00eds Mamana. Clique no a\u00fadio abaixo e ou\u00e7a:<\/p>\n\t<div class=\"qtmplayer-playlist-large\">\n\t\t<ul class=\"qtmplayer-playlist\">\n\t\t\t\n\t\t\t\t\t<li class=\"qtmplayer-trackitem\">\n\t\t<img src=\"https:\/\/rna.ao\/rna.ao\/wp-content\/uploads\/2026\/04\/IMG_8652-100x100.jpeg\" alt=\"cover\">\t\t<span \t\t\tdata-qtmplayer-cover=\"https:\/\/rna.ao\/rna.ao\/wp-content\/uploads\/2026\/04\/IMG_8652-370x370.jpeg\"\n\t\t\t\t\t\tdata-qtmplayer-file=\"https:\/\/rna.ao\/rna.ao\/wp-content\/uploads\/2026\/04\/ZAIRE-CENTRALIDADE-07HRS.mp3\"\n\t\t\t\t\t\tdata-qtmplayer-title=\"Zaire: Segunda fase da Urbaniza\u00e7\u00e3o Teta Lando prev\u00ea construir mil e quinhentas resid\u00eancias\"\n\t\t\t\t\t\tdata-qtmplayer-artist=\"Patr\u00edcia Campos\"\n\t\t\t\t\t\tdata-qtmplayer-link=\"https:\/\/rna.ao\/rna.ao\/2026\/04\/29\/zaire-segunda-fase-da-urbanizacao-teta-lando-preve-construir-mil-e-quinhentas-residencias\/\"\n\t\t\t\t\t\tdata-qtmplayer-icon=\"file_download\"\n\t\t\t\t\t\tdata-qtmplayer-type=\"track\"\n\t\t\t class=\"qtmplayer-play qtmplayer-link-sec qtmplayer-play-btn\"><i class='material-icons'>play_arrow<\/i><\/span>\n\t\t<p>\n\t\t\t<span class=\"qtmplayer-tit\">Zaire: Segunda fase da Urbaniza\u00e7\u00e3o Teta Lando prev\u00ea construir mil e quinhentas resid\u00eancias<\/span>\n\t\t\t<span class=\"qtmplayer-art\">Patr\u00edcia Campos<\/span>\n\t\t<\/p>\n\t<\/li>\n\t\t<\/ul>\n\t<\/div>\t\t\t\n\t\n<p>&nbsp;<\/p>\n","protected":false},"excerpt":{"rendered":"<p>Mais de mil e quinhentas residencias\u00a0 v\u00e3o ser constru\u00eddas no Zaire, no quadro da segunda fase da Urbaniza\u00e7\u00e3o de Mabanza Congo &#8221; Alberto Teta Lando&#8221; A primeira pedra para a constura\u00e7ao desta segunda fase do projecto foi lan\u00e7ada esta Ter\u00e7a-feira, depois da inaugura\u00e7ao da promeira fase com 200 habita\u00e7oes. Lu\u00eds ...<\/p>\n","protected":false},"author":21,"featured_media":216120,"comment_status":"closed","ping_status":"closed","sticky":false,"template":"","format":"standard","meta":[],"categories":[142,121,164,163],"tags":[],"_links":{"self":[{"href":"https:\/\/rna.ao\/rna.ao\/wp-json\/wp\/v2\/posts\/216173"}],"collection":[{"href":"https:\/\/rna.ao\/rna.ao\/wp-json\/wp\/v2\/posts"}],"about":[{"href":"https:\/\/rna.ao\/rna.ao\/wp-json\/wp\/v2\/types\/post"}],"author":[{"embeddable":true,"href":"https:\/\/rna.ao\/rna.ao\/wp-json\/wp\/v2\/users\/21"}],"replies":[{"embeddable":true,"href":"https:\/\/rna.ao\/rna.ao\/wp-json\/wp\/v2\/comments?post=216173"}],"version-history":[{"count":1,"href":"https:\/\/rna.ao\/rna.ao\/wp-json\/wp\/v2\/posts\/216173\/revisions"}],"predecessor-version":[{"id":216175,"href":"https:\/\/rna.ao\/rna.ao\/wp-json\/wp\/v2\/posts\/216173\/revisions\/216175"}],"wp:featuredmedia":[{"embeddable":true,"href":"https:\/\/rna.ao\/rna.ao\/wp-json\/wp\/v2\/media\/216120"}],"wp:attachment":[{"href":"https:\/\/rna.ao\/rna.ao\/wp-json\/wp\/v2\/media?parent=216173"}],"wp:term":[{"taxonomy":"category","embeddable":true,"href":"https:\/\/rna.ao\/rna.ao\/wp-json\/wp\/v2\/categories?post=216173"},{"taxonomy":"post_tag","embeddable":true,"href":"https:\/\/rna.ao\/rna.ao\/wp-json\/wp\/v2\/tags?post=216173"}],"curies":[{"name":"wp","href":"https:\/\/api.w.org\/{rel}","templated":true}]}}