{"id":216164,"date":"2026-04-29T09:39:50","date_gmt":"2026-04-29T08:39:50","guid":{"rendered":"https:\/\/rna.ao\/rna.ao\/?p=216164"},"modified":"2026-04-29T09:45:27","modified_gmt":"2026-04-29T08:45:27","slug":"huila-projectos-de-combate-aos-efeitos-da-seca-arrancam-em-breve-com-foco-na-melhoria-do-abastecimento-de-agua-a-populacao","status":"publish","type":"post","link":"https:\/\/rna.ao\/rna.ao\/2026\/04\/29\/huila-projectos-de-combate-aos-efeitos-da-seca-arrancam-em-breve-com-foco-na-melhoria-do-abastecimento-de-agua-a-populacao\/","title":{"rendered":"Projecto de combate \u00e0 seca na Hu\u00edla ser\u00e1 refor\u00e7ada com tr\u00eas novas barragens"},"content":{"rendered":"<p><img loading=\"lazy\" class=\"alignnone size-medium wp-image-216130\" src=\"https:\/\/rna.ao\/rna.ao\/wp-content\/uploads\/2026\/04\/IMG_8655-770x578.jpeg\" alt=\"\" width=\"770\" height=\"578\" srcset=\"https:\/\/rna.ao\/rna.ao\/wp-content\/uploads\/2026\/04\/IMG_8655-770x578.jpeg 770w, https:\/\/rna.ao\/rna.ao\/wp-content\/uploads\/2026\/04\/IMG_8655-1170x878.jpeg 1170w, https:\/\/rna.ao\/rna.ao\/wp-content\/uploads\/2026\/04\/IMG_8655-768x576.jpeg 768w, https:\/\/rna.ao\/rna.ao\/wp-content\/uploads\/2026\/04\/IMG_8655-1536x1152.jpeg 1536w, https:\/\/rna.ao\/rna.ao\/wp-content\/uploads\/2026\/04\/IMG_8655.jpeg 2048w\" sizes=\"(max-width: 770px) 100vw, 770px\" \/><\/p>\n<p>A prov\u00edncia da Hu\u00edla poder\u00e1 ver melhorado, nos pr\u00f3ximos tempos, o fonecimento de \u00e1gua a popula\u00e7\u00e3o com a implementa\u00e7\u00e3o dos projectos de combate aos efeitos da seca na regi\u00e3o.<\/p>\n<p>As prioridades, segundo o Ministro da Energia e Aguas, Joao Naptista Borges, v\u00e3o para os munic\u00edpios do\u00a0 Lubango, Gambos e Matala.\u00a0 Jornalista Sandra Rodrigues. Clique no a\u00fadio abaixo e ou\u00e7a:<\/p>\n\t<div class=\"qtmplayer-playlist-large\">\n\t\t<ul class=\"qtmplayer-playlist\">\n\t\t\t\n\t\t\t\t\t<li class=\"qtmplayer-trackitem\">\n\t\t<img src=\"https:\/\/rna.ao\/rna.ao\/wp-content\/uploads\/2026\/04\/IMG_8655-100x100.jpeg\" alt=\"cover\">\t\t<span \t\t\tdata-qtmplayer-cover=\"https:\/\/rna.ao\/rna.ao\/wp-content\/uploads\/2026\/04\/IMG_8655-370x370.jpeg\"\n\t\t\t\t\t\tdata-qtmplayer-file=\"https:\/\/rna.ao\/rna.ao\/wp-content\/uploads\/2026\/04\/HUILA-AGUAS-08-HRS.mp3\"\n\t\t\t\t\t\tdata-qtmplayer-title=\"Projecto de combate \u00e0 seca na Hu\u00edla ser\u00e1 refor\u00e7ada com tr\u00eas novas barragens\"\n\t\t\t\t\t\tdata-qtmplayer-artist=\"Patr\u00edcia Campos\"\n\t\t\t\t\t\tdata-qtmplayer-link=\"https:\/\/rna.ao\/rna.ao\/2026\/04\/29\/huila-projectos-de-combate-aos-efeitos-da-seca-arrancam-em-breve-com-foco-na-melhoria-do-abastecimento-de-agua-a-populacao\/\"\n\t\t\t\t\t\tdata-qtmplayer-icon=\"file_download\"\n\t\t\t\t\t\tdata-qtmplayer-type=\"track\"\n\t\t\t class=\"qtmplayer-play qtmplayer-link-sec qtmplayer-play-btn\"><i class='material-icons'>play_arrow<\/i><\/span>\n\t\t<p>\n\t\t\t<span class=\"qtmplayer-tit\">Projecto de combate \u00e0 seca na Hu\u00edla ser\u00e1 refor\u00e7ada com tr\u00eas novas barragens<\/span>\n\t\t\t<span class=\"qtmplayer-art\">Patr\u00edcia Campos<\/span>\n\t\t<\/p>\n\t<\/li>\n\t\t<\/ul>\n\t<\/div>\t\t\t\n\t\n","protected":false},"excerpt":{"rendered":"<p>A prov\u00edncia da Hu\u00edla poder\u00e1 ver melhorado, nos pr\u00f3ximos tempos, o fonecimento de \u00e1gua a popula\u00e7\u00e3o com a implementa\u00e7\u00e3o dos projectos de combate aos efeitos da seca na regi\u00e3o. As prioridades, segundo o Ministro da Energia e Aguas, Joao Naptista Borges, v\u00e3o para os munic\u00edpios do\u00a0 Lubango, Gambos e Matala.\u00a0 ...<\/p>\n","protected":false},"author":21,"featured_media":216130,"comment_status":"closed","ping_status":"closed","sticky":false,"template":"","format":"standard","meta":[],"categories":[142,121,164,163],"tags":[],"_links":{"self":[{"href":"https:\/\/rna.ao\/rna.ao\/wp-json\/wp\/v2\/posts\/216164"}],"collection":[{"href":"https:\/\/rna.ao\/rna.ao\/wp-json\/wp\/v2\/posts"}],"about":[{"href":"https:\/\/rna.ao\/rna.ao\/wp-json\/wp\/v2\/types\/post"}],"author":[{"embeddable":true,"href":"https:\/\/rna.ao\/rna.ao\/wp-json\/wp\/v2\/users\/21"}],"replies":[{"embeddable":true,"href":"https:\/\/rna.ao\/rna.ao\/wp-json\/wp\/v2\/comments?post=216164"}],"version-history":[{"count":5,"href":"https:\/\/rna.ao\/rna.ao\/wp-json\/wp\/v2\/posts\/216164\/revisions"}],"predecessor-version":[{"id":216172,"href":"https:\/\/rna.ao\/rna.ao\/wp-json\/wp\/v2\/posts\/216164\/revisions\/216172"}],"wp:featuredmedia":[{"embeddable":true,"href":"https:\/\/rna.ao\/rna.ao\/wp-json\/wp\/v2\/media\/216130"}],"wp:attachment":[{"href":"https:\/\/rna.ao\/rna.ao\/wp-json\/wp\/v2\/media?parent=216164"}],"wp:term":[{"taxonomy":"category","embeddable":true,"href":"https:\/\/rna.ao\/rna.ao\/wp-json\/wp\/v2\/categories?post=216164"},{"taxonomy":"post_tag","embeddable":true,"href":"https:\/\/rna.ao\/rna.ao\/wp-json\/wp\/v2\/tags?post=216164"}],"curies":[{"name":"wp","href":"https:\/\/api.w.org\/{rel}","templated":true}]}}