{"id":216154,"date":"2026-04-29T09:25:03","date_gmt":"2026-04-29T08:25:03","guid":{"rendered":"https:\/\/rna.ao\/rna.ao\/?p=216154"},"modified":"2026-04-29T10:21:54","modified_gmt":"2026-04-29T09:21:54","slug":"subida-do-preco-do-combustivel-forca-turkish-airlines-a-suspencao-temporaria-de-voos-para-angola","status":"publish","type":"post","link":"https:\/\/rna.ao\/rna.ao\/2026\/04\/29\/subida-do-preco-do-combustivel-forca-turkish-airlines-a-suspencao-temporaria-de-voos-para-angola\/","title":{"rendered":"Subida do pre\u00e7o do combust\u00edvel for\u00e7a Turkish Airlines \u00e0 suspender temporariamente os v\u00f4os para Angola"},"content":{"rendered":"<p><img loading=\"lazy\" class=\"alignnone size-medium wp-image-216158\" src=\"https:\/\/rna.ao\/rna.ao\/wp-content\/uploads\/2026\/04\/6275791_imagem-770x513.jpeg\" alt=\"\" width=\"770\" height=\"513\" srcset=\"https:\/\/rna.ao\/rna.ao\/wp-content\/uploads\/2026\/04\/6275791_imagem-770x513.jpeg 770w, https:\/\/rna.ao\/rna.ao\/wp-content\/uploads\/2026\/04\/6275791_imagem-1170x780.jpeg 1170w, https:\/\/rna.ao\/rna.ao\/wp-content\/uploads\/2026\/04\/6275791_imagem-768x512.jpeg 768w, https:\/\/rna.ao\/rna.ao\/wp-content\/uploads\/2026\/04\/6275791_imagem-1536x1024.jpeg 1536w, https:\/\/rna.ao\/rna.ao\/wp-content\/uploads\/2026\/04\/6275791_imagem-2048x1365.jpeg 2048w\" sizes=\"(max-width: 770px) 100vw, 770px\" \/><\/p>\n<p>A situa\u00e7\u00e3o geopol\u00edtica pelos conflitos no M\u00e9dio Oriente e o aumento do pre\u00e7o do combust\u00edvel est\u00e3o na base da suspen\u00e7\u00e3o\u00a0 dos voos da Companhia a\u00e9rea Turkish Airlines para Angola.<\/p>\n<p>Esta informa\u00e7aao foi avan\u00e7ada , esta Ter\u00e7a-feira , pelo Ministro dos transportes, Ricardo de Abreu. Jornalista Daniel Marques. Clique no a\u00fadio abaixo e ou\u00e7a:<\/p>\n\t<div class=\"qtmplayer-playlist-large\">\n\t\t<ul class=\"qtmplayer-playlist\">\n\t\t\t\n\t\t\t\t\t<li class=\"qtmplayer-trackitem\">\n\t\t<img src=\"https:\/\/rna.ao\/rna.ao\/wp-content\/uploads\/2026\/04\/6275791_imagem-1-100x100.jpeg\" alt=\"cover\">\t\t<span \t\t\tdata-qtmplayer-cover=\"https:\/\/rna.ao\/rna.ao\/wp-content\/uploads\/2026\/04\/6275791_imagem-1-370x370.jpeg\"\n\t\t\t\t\t\tdata-qtmplayer-file=\"https:\/\/rna.ao\/rna.ao\/wp-content\/uploads\/2026\/04\/DANIEL-MARQUES-07HRS-5.mp3\"\n\t\t\t\t\t\tdata-qtmplayer-title=\"Subida do pre\u00e7o do combust\u00edvel for\u00e7a Turkish Airlines \u00e0 suspender temporariamente os v\u00f4os para Angola\"\n\t\t\t\t\t\tdata-qtmplayer-artist=\"Patr\u00edcia Campos\"\n\t\t\t\t\t\tdata-qtmplayer-link=\"https:\/\/rna.ao\/rna.ao\/2026\/04\/29\/subida-do-preco-do-combustivel-forca-turkish-airlines-a-suspencao-temporaria-de-voos-para-angola\/\"\n\t\t\t\t\t\tdata-qtmplayer-icon=\"file_download\"\n\t\t\t\t\t\tdata-qtmplayer-type=\"track\"\n\t\t\t class=\"qtmplayer-play qtmplayer-link-sec qtmplayer-play-btn\"><i class='material-icons'>play_arrow<\/i><\/span>\n\t\t<p>\n\t\t\t<span class=\"qtmplayer-tit\">Subida do pre\u00e7o do combust\u00edvel for\u00e7a Turkish Airlines \u00e0 suspender temporariamente os v\u00f4os para Angola<\/span>\n\t\t\t<span class=\"qtmplayer-art\">Patr\u00edcia Campos<\/span>\n\t\t<\/p>\n\t<\/li>\n\t\t<\/ul>\n\t<\/div>\t\t\t\n\t\n","protected":false},"excerpt":{"rendered":"<p>A situa\u00e7\u00e3o geopol\u00edtica pelos conflitos no M\u00e9dio Oriente e o aumento do pre\u00e7o do combust\u00edvel est\u00e3o na base da suspen\u00e7\u00e3o\u00a0 dos voos da Companhia a\u00e9rea Turkish Airlines para Angola. Esta informa\u00e7aao foi avan\u00e7ada , esta Ter\u00e7a-feira , pelo Ministro dos transportes, Ricardo de Abreu. Jornalista Daniel Marques. Clique no a\u00fadio ...<\/p>\n","protected":false},"author":21,"featured_media":216159,"comment_status":"closed","ping_status":"closed","sticky":false,"template":"","format":"standard","meta":[],"categories":[142,121,164,163],"tags":[],"_links":{"self":[{"href":"https:\/\/rna.ao\/rna.ao\/wp-json\/wp\/v2\/posts\/216154"}],"collection":[{"href":"https:\/\/rna.ao\/rna.ao\/wp-json\/wp\/v2\/posts"}],"about":[{"href":"https:\/\/rna.ao\/rna.ao\/wp-json\/wp\/v2\/types\/post"}],"author":[{"embeddable":true,"href":"https:\/\/rna.ao\/rna.ao\/wp-json\/wp\/v2\/users\/21"}],"replies":[{"embeddable":true,"href":"https:\/\/rna.ao\/rna.ao\/wp-json\/wp\/v2\/comments?post=216154"}],"version-history":[{"count":3,"href":"https:\/\/rna.ao\/rna.ao\/wp-json\/wp\/v2\/posts\/216154\/revisions"}],"predecessor-version":[{"id":216182,"href":"https:\/\/rna.ao\/rna.ao\/wp-json\/wp\/v2\/posts\/216154\/revisions\/216182"}],"wp:featuredmedia":[{"embeddable":true,"href":"https:\/\/rna.ao\/rna.ao\/wp-json\/wp\/v2\/media\/216159"}],"wp:attachment":[{"href":"https:\/\/rna.ao\/rna.ao\/wp-json\/wp\/v2\/media?parent=216154"}],"wp:term":[{"taxonomy":"category","embeddable":true,"href":"https:\/\/rna.ao\/rna.ao\/wp-json\/wp\/v2\/categories?post=216154"},{"taxonomy":"post_tag","embeddable":true,"href":"https:\/\/rna.ao\/rna.ao\/wp-json\/wp\/v2\/tags?post=216154"}],"curies":[{"name":"wp","href":"https:\/\/api.w.org\/{rel}","templated":true}]}}