{"id":216140,"date":"2026-04-28T20:59:28","date_gmt":"2026-04-28T19:59:28","guid":{"rendered":"https:\/\/rna.ao\/rna.ao\/?p=216140"},"modified":"2026-04-28T20:59:28","modified_gmt":"2026-04-28T19:59:28","slug":"detido-suspeito-de-agredir-agente-da-brigada-motorizada-no-cunene","status":"publish","type":"post","link":"https:\/\/rna.ao\/rna.ao\/2026\/04\/28\/detido-suspeito-de-agredir-agente-da-brigada-motorizada-no-cunene\/","title":{"rendered":"Detido suspeito de agredir agente da brigada motorizada no Cunene"},"content":{"rendered":"<p><img loading=\"lazy\" class=\"alignnone size-medium wp-image-216141\" src=\"https:\/\/rna.ao\/rna.ao\/wp-content\/uploads\/2026\/04\/collage_export_F96961A2-CB48-42C7-8514-0540F5F69A3C-691x770.jpeg\" alt=\"\" width=\"691\" height=\"770\" srcset=\"https:\/\/rna.ao\/rna.ao\/wp-content\/uploads\/2026\/04\/collage_export_F96961A2-CB48-42C7-8514-0540F5F69A3C-691x770.jpeg 691w, https:\/\/rna.ao\/rna.ao\/wp-content\/uploads\/2026\/04\/collage_export_F96961A2-CB48-42C7-8514-0540F5F69A3C-1050x1170.jpeg 1050w, https:\/\/rna.ao\/rna.ao\/wp-content\/uploads\/2026\/04\/collage_export_F96961A2-CB48-42C7-8514-0540F5F69A3C-768x856.jpeg 768w, https:\/\/rna.ao\/rna.ao\/wp-content\/uploads\/2026\/04\/collage_export_F96961A2-CB48-42C7-8514-0540F5F69A3C-1378x1536.jpeg 1378w, https:\/\/rna.ao\/rna.ao\/wp-content\/uploads\/2026\/04\/collage_export_F96961A2-CB48-42C7-8514-0540F5F69A3C-1837x2048.jpeg 1837w\" sizes=\"(max-width: 691px) 100vw, 691px\" \/>O Servi\u00e7o de Investiga\u00e7\u00e3o Criminal &#8211; SIC deteve, no domingo, 26 de abril, o alegado agressor de um agente da Pol\u00edcia Nacional, pertencente \u00e0 Unidade de Brigada Motorizada, na prov\u00edncia do Cunene.<\/p>\n<p>O incidente ocorreu na Estrada Nacional 105, no tro\u00e7o Ondjiva\u2013Santa Clara.<\/p>\n<p>Imagens que circularam na internet na semana passada mostram uma persegui\u00e7\u00e3o policial a dois ocupantes de uma motorizada. Durante a fuga, um deles ter\u00e1 derrubado o agente com um pontap\u00e9.<\/p>\n<p>De acordo com as autoridades, os suspeitos transportavam 90 litros de gasolina com destino \u00e0 Nam\u00edbia.<\/p>\n<p>O detido \u00e9 um jovem de 17 anos, apontado como o autor da agress\u00e3o.<\/p>\n<p>Fonte do SIC assegura que o suspeito ser\u00e1 apresentado publicamente nesta quarta-feira, 29, em Ondjiva.<\/p>\n<p>Entretanto, o condutor da motorizada continua em fuga, presumivelmente em territ\u00f3rio da vizinha Rep\u00fablica da Nam\u00edbia, segundo fonte da R\u00e1dio Nacional de Angola.<\/p>\n","protected":false},"excerpt":{"rendered":"<p>O Servi\u00e7o de Investiga\u00e7\u00e3o Criminal &#8211; SIC deteve, no domingo, 26 de abril, o alegado agressor de um agente da Pol\u00edcia Nacional, pertencente \u00e0 Unidade de Brigada Motorizada, na prov\u00edncia do Cunene. O incidente ocorreu na Estrada Nacional 105, no tro\u00e7o Ondjiva\u2013Santa Clara. Imagens que circularam na internet na semana ...<\/p>\n","protected":false},"author":16,"featured_media":216141,"comment_status":"closed","ping_status":"closed","sticky":false,"template":"","format":"standard","meta":[],"categories":[142,121,164],"tags":[],"_links":{"self":[{"href":"https:\/\/rna.ao\/rna.ao\/wp-json\/wp\/v2\/posts\/216140"}],"collection":[{"href":"https:\/\/rna.ao\/rna.ao\/wp-json\/wp\/v2\/posts"}],"about":[{"href":"https:\/\/rna.ao\/rna.ao\/wp-json\/wp\/v2\/types\/post"}],"author":[{"embeddable":true,"href":"https:\/\/rna.ao\/rna.ao\/wp-json\/wp\/v2\/users\/16"}],"replies":[{"embeddable":true,"href":"https:\/\/rna.ao\/rna.ao\/wp-json\/wp\/v2\/comments?post=216140"}],"version-history":[{"count":1,"href":"https:\/\/rna.ao\/rna.ao\/wp-json\/wp\/v2\/posts\/216140\/revisions"}],"predecessor-version":[{"id":216142,"href":"https:\/\/rna.ao\/rna.ao\/wp-json\/wp\/v2\/posts\/216140\/revisions\/216142"}],"wp:featuredmedia":[{"embeddable":true,"href":"https:\/\/rna.ao\/rna.ao\/wp-json\/wp\/v2\/media\/216141"}],"wp:attachment":[{"href":"https:\/\/rna.ao\/rna.ao\/wp-json\/wp\/v2\/media?parent=216140"}],"wp:term":[{"taxonomy":"category","embeddable":true,"href":"https:\/\/rna.ao\/rna.ao\/wp-json\/wp\/v2\/categories?post=216140"},{"taxonomy":"post_tag","embeddable":true,"href":"https:\/\/rna.ao\/rna.ao\/wp-json\/wp\/v2\/tags?post=216140"}],"curies":[{"name":"wp","href":"https:\/\/api.w.org\/{rel}","templated":true}]}}