{"id":216137,"date":"2026-04-28T18:18:59","date_gmt":"2026-04-28T17:18:59","guid":{"rendered":"https:\/\/rna.ao\/rna.ao\/?p=216137"},"modified":"2026-04-28T18:18:59","modified_gmt":"2026-04-28T17:18:59","slug":"fifa-pondera-alterar-regra-dos-cartoes-amarelos-para-o-mundial-de-2026","status":"publish","type":"post","link":"https:\/\/rna.ao\/rna.ao\/2026\/04\/28\/fifa-pondera-alterar-regra-dos-cartoes-amarelos-para-o-mundial-de-2026\/","title":{"rendered":"FIFA pondera alterar regra dos cart\u00f5es amarelos para o Mundial de 2026"},"content":{"rendered":"<p><img loading=\"lazy\" class=\"alignnone size-medium wp-image-216138\" src=\"https:\/\/rna.ao\/rna.ao\/wp-content\/uploads\/2026\/04\/a1630307-ca4e-410d-8db9-46d23dde9dff-770x513.jpeg\" alt=\"\" width=\"770\" height=\"513\" srcset=\"https:\/\/rna.ao\/rna.ao\/wp-content\/uploads\/2026\/04\/a1630307-ca4e-410d-8db9-46d23dde9dff-770x513.jpeg 770w, https:\/\/rna.ao\/rna.ao\/wp-content\/uploads\/2026\/04\/a1630307-ca4e-410d-8db9-46d23dde9dff-768x512.jpeg 768w, https:\/\/rna.ao\/rna.ao\/wp-content\/uploads\/2026\/04\/a1630307-ca4e-410d-8db9-46d23dde9dff.jpeg 984w\" sizes=\"(max-width: 770px) 100vw, 770px\" \/>A FIFA est\u00e1 a ponderar uma altera\u00e7\u00e3o significativa nas regras disciplinares para o Copa do Mundo de 2026, que poder\u00e1 atenuar o impacto das suspens\u00f5es por acumula\u00e7\u00e3o de cart\u00f5es amarelos e permitir que mais jogadores participem nas fases a eliminar da competi\u00e7\u00e3o.<\/p>\n<p>A proposta, que dever\u00e1 ser discutida numa pr\u00f3xima reuni\u00e3o do Conselho da FIFA, prev\u00ea a reposi\u00e7\u00e3o a zero dos cart\u00f5es amarelos acumulados em dois momentos-chave do torneio: ap\u00f3s a fase de grupos e novamente depois dos quartos-de-final.<\/p>\n<p>Com esta medida, a entidade m\u00e1xima do futebol mundial pretende reduzir a probabilidade de jogadores falharem jogos decisivos devido a advert\u00eancias recebidas em fases anteriores, tornando a competi\u00e7\u00e3o mais equilibrada do ponto de vista desportivo.<\/p>\n<p>Caso venha a ser aprovada, a altera\u00e7\u00e3o representar\u00e1 uma mudan\u00e7a relevante na forma como os registos disciplinares s\u00e3o aplicados no maior torneio de futebol do mundo, cuja edi\u00e7\u00e3o de 2026 ser\u00e1 organizada conjuntamente pelos Estados Unidos, Canad\u00e1 e M\u00e9xico.<\/p>\n","protected":false},"excerpt":{"rendered":"<p>A FIFA est\u00e1 a ponderar uma altera\u00e7\u00e3o significativa nas regras disciplinares para o Copa do Mundo de 2026, que poder\u00e1 atenuar o impacto das suspens\u00f5es por acumula\u00e7\u00e3o de cart\u00f5es amarelos e permitir que mais jogadores participem nas fases a eliminar da competi\u00e7\u00e3o. A proposta, que dever\u00e1 ser discutida numa pr\u00f3xima ...<\/p>\n","protected":false},"author":16,"featured_media":216138,"comment_status":"closed","ping_status":"closed","sticky":false,"template":"","format":"standard","meta":[],"categories":[145,125],"tags":[],"_links":{"self":[{"href":"https:\/\/rna.ao\/rna.ao\/wp-json\/wp\/v2\/posts\/216137"}],"collection":[{"href":"https:\/\/rna.ao\/rna.ao\/wp-json\/wp\/v2\/posts"}],"about":[{"href":"https:\/\/rna.ao\/rna.ao\/wp-json\/wp\/v2\/types\/post"}],"author":[{"embeddable":true,"href":"https:\/\/rna.ao\/rna.ao\/wp-json\/wp\/v2\/users\/16"}],"replies":[{"embeddable":true,"href":"https:\/\/rna.ao\/rna.ao\/wp-json\/wp\/v2\/comments?post=216137"}],"version-history":[{"count":1,"href":"https:\/\/rna.ao\/rna.ao\/wp-json\/wp\/v2\/posts\/216137\/revisions"}],"predecessor-version":[{"id":216139,"href":"https:\/\/rna.ao\/rna.ao\/wp-json\/wp\/v2\/posts\/216137\/revisions\/216139"}],"wp:featuredmedia":[{"embeddable":true,"href":"https:\/\/rna.ao\/rna.ao\/wp-json\/wp\/v2\/media\/216138"}],"wp:attachment":[{"href":"https:\/\/rna.ao\/rna.ao\/wp-json\/wp\/v2\/media?parent=216137"}],"wp:term":[{"taxonomy":"category","embeddable":true,"href":"https:\/\/rna.ao\/rna.ao\/wp-json\/wp\/v2\/categories?post=216137"},{"taxonomy":"post_tag","embeddable":true,"href":"https:\/\/rna.ao\/rna.ao\/wp-json\/wp\/v2\/tags?post=216137"}],"curies":[{"name":"wp","href":"https:\/\/api.w.org\/{rel}","templated":true}]}}