{"id":216132,"date":"2026-04-28T18:07:21","date_gmt":"2026-04-28T17:07:21","guid":{"rendered":"https:\/\/rna.ao\/rna.ao\/?p=216132"},"modified":"2026-04-28T18:07:21","modified_gmt":"2026-04-28T17:07:21","slug":"ministerio-do-turismo-encerra-o-miradouro-da-lua-por-um-periodo-de-6-meses-devido-a-obras-de-melhoria-contencao-e-estabilizacao-da-ravina","status":"publish","type":"post","link":"https:\/\/rna.ao\/rna.ao\/2026\/04\/28\/ministerio-do-turismo-encerra-o-miradouro-da-lua-por-um-periodo-de-6-meses-devido-a-obras-de-melhoria-contencao-e-estabilizacao-da-ravina\/","title":{"rendered":"Minist\u00e9rio do Turismo encerra o Miradouro da Lua por um per\u00edodo de 6 meses, devido a obras de melhoria, conten\u00e7\u00e3o e estabiliza\u00e7\u00e3o da ravina"},"content":{"rendered":"<p><img loading=\"lazy\" class=\"alignnone size-full wp-image-216134\" src=\"https:\/\/rna.ao\/rna.ao\/wp-content\/uploads\/2026\/04\/IMG_8657.jpeg\" alt=\"\" width=\"195\" height=\"196\" srcset=\"https:\/\/rna.ao\/rna.ao\/wp-content\/uploads\/2026\/04\/IMG_8657.jpeg 195w, https:\/\/rna.ao\/rna.ao\/wp-content\/uploads\/2026\/04\/IMG_8657-150x150.jpeg 150w, https:\/\/rna.ao\/rna.ao\/wp-content\/uploads\/2026\/04\/IMG_8657-100x100.jpeg 100w\" sizes=\"(max-width: 195px) 100vw, 195px\" \/>O Minist\u00e9rio do Turismo anunciou o encerramento tempor\u00e1rio do Miradouro da Lua por um per\u00edodo de seis meses, devido ao arranque de obras de melhoria, conten\u00e7\u00e3o e estabiliza\u00e7\u00e3o da ravina.<\/p>\n<p>De acordo com uma nota oficial, a interven\u00e7\u00e3o visa salvaguardar a integridade deste importante patrim\u00f3nio natural, bem como mitigar os efeitos da eros\u00e3o que t\u00eam vindo a afectar a \u00e1rea ao longo do tempo. As obras pretendem ainda refor\u00e7ar as condi\u00e7\u00f5es de seguran\u00e7a e de preserva\u00e7\u00e3o do local, um dos pontos tur\u00edsticos mais visitados da prov\u00edncia de Luanda.<\/p>\n<p>O Minist\u00e9rio do Turismo apela \u00e0 compreens\u00e3o dos cidad\u00e3os e visitantes.<\/p>\n","protected":false},"excerpt":{"rendered":"<p>O Minist\u00e9rio do Turismo anunciou o encerramento tempor\u00e1rio do Miradouro da Lua por um per\u00edodo de seis meses, devido ao arranque de obras de melhoria, conten\u00e7\u00e3o e estabiliza\u00e7\u00e3o da ravina. De acordo com uma nota oficial, a interven\u00e7\u00e3o visa salvaguardar a integridade deste importante patrim\u00f3nio natural, bem como mitigar os ...<\/p>\n","protected":false},"author":16,"featured_media":216135,"comment_status":"closed","ping_status":"closed","sticky":false,"template":"","format":"standard","meta":[],"categories":[142,121,141,133,164],"tags":[],"_links":{"self":[{"href":"https:\/\/rna.ao\/rna.ao\/wp-json\/wp\/v2\/posts\/216132"}],"collection":[{"href":"https:\/\/rna.ao\/rna.ao\/wp-json\/wp\/v2\/posts"}],"about":[{"href":"https:\/\/rna.ao\/rna.ao\/wp-json\/wp\/v2\/types\/post"}],"author":[{"embeddable":true,"href":"https:\/\/rna.ao\/rna.ao\/wp-json\/wp\/v2\/users\/16"}],"replies":[{"embeddable":true,"href":"https:\/\/rna.ao\/rna.ao\/wp-json\/wp\/v2\/comments?post=216132"}],"version-history":[{"count":1,"href":"https:\/\/rna.ao\/rna.ao\/wp-json\/wp\/v2\/posts\/216132\/revisions"}],"predecessor-version":[{"id":216136,"href":"https:\/\/rna.ao\/rna.ao\/wp-json\/wp\/v2\/posts\/216132\/revisions\/216136"}],"wp:featuredmedia":[{"embeddable":true,"href":"https:\/\/rna.ao\/rna.ao\/wp-json\/wp\/v2\/media\/216135"}],"wp:attachment":[{"href":"https:\/\/rna.ao\/rna.ao\/wp-json\/wp\/v2\/media?parent=216132"}],"wp:term":[{"taxonomy":"category","embeddable":true,"href":"https:\/\/rna.ao\/rna.ao\/wp-json\/wp\/v2\/categories?post=216132"},{"taxonomy":"post_tag","embeddable":true,"href":"https:\/\/rna.ao\/rna.ao\/wp-json\/wp\/v2\/tags?post=216132"}],"curies":[{"name":"wp","href":"https:\/\/api.w.org\/{rel}","templated":true}]}}