{"id":216127,"date":"2026-04-28T17:49:51","date_gmt":"2026-04-28T16:49:51","guid":{"rendered":"https:\/\/rna.ao\/rna.ao\/?p=216127"},"modified":"2026-04-28T17:49:51","modified_gmt":"2026-04-28T16:49:51","slug":"ministro-da-energia-e-aguas-anuncia-que-projectos-estruturantes-de-combate-a-seca-na-huila-vao-ganhar-novos-impulsos-com-a-construcao-de-tres-barragens","status":"publish","type":"post","link":"https:\/\/rna.ao\/rna.ao\/2026\/04\/28\/ministro-da-energia-e-aguas-anuncia-que-projectos-estruturantes-de-combate-a-seca-na-huila-vao-ganhar-novos-impulsos-com-a-construcao-de-tres-barragens\/","title":{"rendered":"Ministro da Energia e \u00c1guas anuncia que projectos estruturantes de combate \u00e0 seca na Hu\u00edla v\u00e3o ganhar novos impulsos com a constru\u00e7\u00e3o de tr\u00eas barragens"},"content":{"rendered":"<p><img loading=\"lazy\" class=\"alignnone size-medium wp-image-216130\" src=\"https:\/\/rna.ao\/rna.ao\/wp-content\/uploads\/2026\/04\/IMG_8655-770x578.jpeg\" alt=\"\" width=\"770\" height=\"578\" srcset=\"https:\/\/rna.ao\/rna.ao\/wp-content\/uploads\/2026\/04\/IMG_8655-770x578.jpeg 770w, https:\/\/rna.ao\/rna.ao\/wp-content\/uploads\/2026\/04\/IMG_8655-1170x878.jpeg 1170w, https:\/\/rna.ao\/rna.ao\/wp-content\/uploads\/2026\/04\/IMG_8655-768x576.jpeg 768w, https:\/\/rna.ao\/rna.ao\/wp-content\/uploads\/2026\/04\/IMG_8655-1536x1152.jpeg 1536w, https:\/\/rna.ao\/rna.ao\/wp-content\/uploads\/2026\/04\/IMG_8655.jpeg 2048w\" sizes=\"(max-width: 770px) 100vw, 770px\" \/>Os projectos estruturantes de combate \u00e0 seca na prov\u00edncia da Hu\u00edla v\u00e3o ganhar novos impulsos com a constru\u00e7\u00e3o de tr\u00eas barragens.<\/p>\n<p>A informa\u00e7\u00e3o foi avan\u00e7ada pelo Ministro da Energia e \u00c1guas, Jo\u00e3o Baptista Borges.<\/p>\n<p>As infra-estruturas v\u00e3o priorizar o abastecimento de \u00e1gua aos munic\u00edpios do Lubango, Gambos e da Matala. Jornalista Sandra Rodrigues. Clique no \u00e1udio e ou\u00e7a:<\/p>\n\t<div class=\"qtmplayer-playlist-large\">\n\t\t<ul class=\"qtmplayer-playlist\">\n\t\t\t\n\t\t\t\t\t<li class=\"qtmplayer-trackitem\">\n\t\t<img src=\"https:\/\/rna.ao\/rna.ao\/wp-content\/uploads\/2026\/04\/IMG_8655-100x100.jpeg\" alt=\"cover\">\t\t<span \t\t\tdata-qtmplayer-cover=\"https:\/\/rna.ao\/rna.ao\/wp-content\/uploads\/2026\/04\/IMG_8655-370x370.jpeg\"\n\t\t\t\t\t\tdata-qtmplayer-file=\"https:\/\/rna.ao\/rna.ao\/wp-content\/uploads\/2026\/04\/HUILA-COMBATE-A-SECA-13-HRS.mp3\"\n\t\t\t\t\t\tdata-qtmplayer-title=\"Ministro da Energia e \u00c1guas anuncia que projectos estruturantes de combate \u00e0 seca na Hu\u00edla v\u00e3o ganhar novos impulsos com a constru\u00e7\u00e3o de tr\u00eas barragens\"\n\t\t\t\t\t\tdata-qtmplayer-artist=\"Juliana Nunes\"\n\t\t\t\t\t\tdata-qtmplayer-link=\"https:\/\/rna.ao\/rna.ao\/2026\/04\/28\/ministro-da-energia-e-aguas-anuncia-que-projectos-estruturantes-de-combate-a-seca-na-huila-vao-ganhar-novos-impulsos-com-a-construcao-de-tres-barragens\/\"\n\t\t\t\t\t\tdata-qtmplayer-icon=\"file_download\"\n\t\t\t\t\t\tdata-qtmplayer-type=\"track\"\n\t\t\t class=\"qtmplayer-play qtmplayer-link-sec qtmplayer-play-btn\"><i class='material-icons'>play_arrow<\/i><\/span>\n\t\t<p>\n\t\t\t<span class=\"qtmplayer-tit\">Ministro da Energia e \u00c1guas anuncia que projectos estruturantes de combate \u00e0 seca na Hu\u00edla v\u00e3o ganhar novos impulsos com a constru\u00e7\u00e3o de tr\u00eas barragens<\/span>\n\t\t\t<span class=\"qtmplayer-art\">Juliana Nunes<\/span>\n\t\t<\/p>\n\t<\/li>\n\t\t<\/ul>\n\t<\/div>\t\t\t\n\t\n","protected":false},"excerpt":{"rendered":"<p>Os projectos estruturantes de combate \u00e0 seca na prov\u00edncia da Hu\u00edla v\u00e3o ganhar novos impulsos com a constru\u00e7\u00e3o de tr\u00eas barragens. A informa\u00e7\u00e3o foi avan\u00e7ada pelo Ministro da Energia e \u00c1guas, Jo\u00e3o Baptista Borges. As infra-estruturas v\u00e3o priorizar o abastecimento de \u00e1gua aos munic\u00edpios do Lubango, Gambos e da Matala. ...<\/p>\n","protected":false},"author":16,"featured_media":216130,"comment_status":"closed","ping_status":"closed","sticky":false,"template":"","format":"standard","meta":[],"categories":[142,121,164],"tags":[],"_links":{"self":[{"href":"https:\/\/rna.ao\/rna.ao\/wp-json\/wp\/v2\/posts\/216127"}],"collection":[{"href":"https:\/\/rna.ao\/rna.ao\/wp-json\/wp\/v2\/posts"}],"about":[{"href":"https:\/\/rna.ao\/rna.ao\/wp-json\/wp\/v2\/types\/post"}],"author":[{"embeddable":true,"href":"https:\/\/rna.ao\/rna.ao\/wp-json\/wp\/v2\/users\/16"}],"replies":[{"embeddable":true,"href":"https:\/\/rna.ao\/rna.ao\/wp-json\/wp\/v2\/comments?post=216127"}],"version-history":[{"count":1,"href":"https:\/\/rna.ao\/rna.ao\/wp-json\/wp\/v2\/posts\/216127\/revisions"}],"predecessor-version":[{"id":216131,"href":"https:\/\/rna.ao\/rna.ao\/wp-json\/wp\/v2\/posts\/216127\/revisions\/216131"}],"wp:featuredmedia":[{"embeddable":true,"href":"https:\/\/rna.ao\/rna.ao\/wp-json\/wp\/v2\/media\/216130"}],"wp:attachment":[{"href":"https:\/\/rna.ao\/rna.ao\/wp-json\/wp\/v2\/media?parent=216127"}],"wp:term":[{"taxonomy":"category","embeddable":true,"href":"https:\/\/rna.ao\/rna.ao\/wp-json\/wp\/v2\/categories?post=216127"},{"taxonomy":"post_tag","embeddable":true,"href":"https:\/\/rna.ao\/rna.ao\/wp-json\/wp\/v2\/tags?post=216127"}],"curies":[{"name":"wp","href":"https:\/\/api.w.org\/{rel}","templated":true}]}}