{"id":216118,"date":"2026-04-28T17:33:22","date_gmt":"2026-04-28T16:33:22","guid":{"rendered":"https:\/\/rna.ao\/rna.ao\/?p=216118"},"modified":"2026-04-28T17:36:31","modified_gmt":"2026-04-28T16:36:31","slug":"zaire-primeira-fase-da-centralidade-alberto-teta-lando-inaugurada-com-200-apartamentos-ministro-carlos-albertos-dos-santos-deu-ainda-mais-um-passo-para-a-construcao-da-centralidade-de-mbanza-kongo","status":"publish","type":"post","link":"https:\/\/rna.ao\/rna.ao\/2026\/04\/28\/zaire-primeira-fase-da-centralidade-alberto-teta-lando-inaugurada-com-200-apartamentos-ministro-carlos-albertos-dos-santos-deu-ainda-mais-um-passo-para-a-construcao-da-centralidade-de-mbanza-kongo\/","title":{"rendered":"Zaire. Primeira fase da Centralidade Alberto Teta Lando inaugurada com 200 apartamentos. Ministro Carlos Alberto dos Santos deu ainda mais um passo para a constru\u00e7\u00e3o da Centralidade de Mbanza Kongo"},"content":{"rendered":"<p><img loading=\"lazy\" class=\"alignnone size-medium wp-image-216119\" src=\"https:\/\/rna.ao\/rna.ao\/wp-content\/uploads\/2026\/04\/IMG_8654-770x513.jpeg\" alt=\"\" width=\"770\" height=\"513\" srcset=\"https:\/\/rna.ao\/rna.ao\/wp-content\/uploads\/2026\/04\/IMG_8654-770x513.jpeg 770w, https:\/\/rna.ao\/rna.ao\/wp-content\/uploads\/2026\/04\/IMG_8654-1170x780.jpeg 1170w, https:\/\/rna.ao\/rna.ao\/wp-content\/uploads\/2026\/04\/IMG_8654-768x512.jpeg 768w, https:\/\/rna.ao\/rna.ao\/wp-content\/uploads\/2026\/04\/IMG_8654-1536x1024.jpeg 1536w, https:\/\/rna.ao\/rna.ao\/wp-content\/uploads\/2026\/04\/IMG_8654.jpeg 1620w\" sizes=\"(max-width: 770px) 100vw, 770px\" \/>J\u00e1 est\u00e1 a disposi\u00e7\u00e3o da popula\u00e7\u00e3o os primeiros duzentos apartamentos da primeira fase da centralidade, Alberto Teta Lando na prov\u00edncia do Zaire.<\/p>\n<p>A infraestrutura com 13 edif\u00edcios comporta 200 apartamentos foi inaugurada hoje pelo Ministro das Obras Publicas, Urbanismo e Habita\u00e7\u00e3o.<\/p>\n<p><img loading=\"lazy\" class=\"alignnone size-medium wp-image-216120\" src=\"https:\/\/rna.ao\/rna.ao\/wp-content\/uploads\/2026\/04\/IMG_8652-433x770.jpeg\" alt=\"\" width=\"433\" height=\"770\" srcset=\"https:\/\/rna.ao\/rna.ao\/wp-content\/uploads\/2026\/04\/IMG_8652-433x770.jpeg 433w, https:\/\/rna.ao\/rna.ao\/wp-content\/uploads\/2026\/04\/IMG_8652-658x1170.jpeg 658w, https:\/\/rna.ao\/rna.ao\/wp-content\/uploads\/2026\/04\/IMG_8652-768x1365.jpeg 768w, https:\/\/rna.ao\/rna.ao\/wp-content\/uploads\/2026\/04\/IMG_8652-864x1536.jpeg 864w, https:\/\/rna.ao\/rna.ao\/wp-content\/uploads\/2026\/04\/IMG_8652.jpeg 1152w\" sizes=\"(max-width: 433px) 100vw, 433px\" \/>Ainda hoje, Carlos Alberto dos Santos deu mais um passo para a constru\u00e7\u00e3o da Centralidade de Mbanza Kongo. Jornalista Henriques J\u00fanior. Clique no \u00e1udio e ou\u00e7a:<\/p>\n\t<div class=\"qtmplayer-playlist-large\">\n\t\t<ul class=\"qtmplayer-playlist\">\n\t\t\t\n\t\t\t\t\t<li class=\"qtmplayer-trackitem\">\n\t\t<img src=\"https:\/\/rna.ao\/rna.ao\/wp-content\/uploads\/2026\/04\/IMG_8653-100x100.jpeg\" alt=\"cover\">\t\t<span \t\t\tdata-qtmplayer-cover=\"https:\/\/rna.ao\/rna.ao\/wp-content\/uploads\/2026\/04\/IMG_8653-370x370.jpeg\"\n\t\t\t\t\t\tdata-qtmplayer-file=\"https:\/\/rna.ao\/rna.ao\/wp-content\/uploads\/2026\/04\/ZAIRE-CENTRALIDADE-13-HRS.mp3\"\n\t\t\t\t\t\tdata-qtmplayer-title=\"Zaire. Primeira fase da Centralidade Alberto Teta Lando inaugurada com 200 apartamentos. Ministro Carlos Alberto dos Santos deu ainda mais um passo para a constru\u00e7\u00e3o da Centralidade de Mbanza Kongo\"\n\t\t\t\t\t\tdata-qtmplayer-artist=\"Juliana Nunes\"\n\t\t\t\t\t\tdata-qtmplayer-link=\"https:\/\/rna.ao\/rna.ao\/2026\/04\/28\/zaire-primeira-fase-da-centralidade-alberto-teta-lando-inaugurada-com-200-apartamentos-ministro-carlos-albertos-dos-santos-deu-ainda-mais-um-passo-para-a-construcao-da-centralidade-de-mbanza-kongo\/\"\n\t\t\t\t\t\tdata-qtmplayer-icon=\"file_download\"\n\t\t\t\t\t\tdata-qtmplayer-type=\"track\"\n\t\t\t class=\"qtmplayer-play qtmplayer-link-sec qtmplayer-play-btn\"><i class='material-icons'>play_arrow<\/i><\/span>\n\t\t<p>\n\t\t\t<span class=\"qtmplayer-tit\">Zaire. Primeira fase da Centralidade Alberto Teta Lando inaugurada com 200 apartamentos. Ministro Carlos Alberto dos Santos deu ainda mais um passo para a constru\u00e7\u00e3o da Centralidade de Mbanza Kongo<\/span>\n\t\t\t<span class=\"qtmplayer-art\">Juliana Nunes<\/span>\n\t\t<\/p>\n\t<\/li>\n\t\t<\/ul>\n\t<\/div>\t\t\t\n\t\n","protected":false},"excerpt":{"rendered":"<p>J\u00e1 est\u00e1 a disposi\u00e7\u00e3o da popula\u00e7\u00e3o os primeiros duzentos apartamentos da primeira fase da centralidade, Alberto Teta Lando na prov\u00edncia do Zaire. A infraestrutura com 13 edif\u00edcios comporta 200 apartamentos foi inaugurada hoje pelo Ministro das Obras Publicas, Urbanismo e Habita\u00e7\u00e3o. Ainda hoje, Carlos Alberto dos Santos deu mais um ...<\/p>\n","protected":false},"author":16,"featured_media":216122,"comment_status":"closed","ping_status":"closed","sticky":false,"template":"","format":"standard","meta":[],"categories":[142,121,164],"tags":[],"_links":{"self":[{"href":"https:\/\/rna.ao\/rna.ao\/wp-json\/wp\/v2\/posts\/216118"}],"collection":[{"href":"https:\/\/rna.ao\/rna.ao\/wp-json\/wp\/v2\/posts"}],"about":[{"href":"https:\/\/rna.ao\/rna.ao\/wp-json\/wp\/v2\/types\/post"}],"author":[{"embeddable":true,"href":"https:\/\/rna.ao\/rna.ao\/wp-json\/wp\/v2\/users\/16"}],"replies":[{"embeddable":true,"href":"https:\/\/rna.ao\/rna.ao\/wp-json\/wp\/v2\/comments?post=216118"}],"version-history":[{"count":4,"href":"https:\/\/rna.ao\/rna.ao\/wp-json\/wp\/v2\/posts\/216118\/revisions"}],"predecessor-version":[{"id":216126,"href":"https:\/\/rna.ao\/rna.ao\/wp-json\/wp\/v2\/posts\/216118\/revisions\/216126"}],"wp:featuredmedia":[{"embeddable":true,"href":"https:\/\/rna.ao\/rna.ao\/wp-json\/wp\/v2\/media\/216122"}],"wp:attachment":[{"href":"https:\/\/rna.ao\/rna.ao\/wp-json\/wp\/v2\/media?parent=216118"}],"wp:term":[{"taxonomy":"category","embeddable":true,"href":"https:\/\/rna.ao\/rna.ao\/wp-json\/wp\/v2\/categories?post=216118"},{"taxonomy":"post_tag","embeddable":true,"href":"https:\/\/rna.ao\/rna.ao\/wp-json\/wp\/v2\/tags?post=216118"}],"curies":[{"name":"wp","href":"https:\/\/api.w.org\/{rel}","templated":true}]}}