{"id":216108,"date":"2026-04-28T14:12:08","date_gmt":"2026-04-28T13:12:08","guid":{"rendered":"https:\/\/rna.ao\/rna.ao\/?p=216108"},"modified":"2026-04-28T14:12:56","modified_gmt":"2026-04-28T13:12:56","slug":"tcul-passa-para-tutela-do-governo-provincial-de-luanda-e-reforca-frota-com-80-autocarros","status":"publish","type":"post","link":"https:\/\/rna.ao\/rna.ao\/2026\/04\/28\/tcul-passa-para-tutela-do-governo-provincial-de-luanda-e-reforca-frota-com-80-autocarros\/","title":{"rendered":"TCUL passa para tutela do Governo Provincial de Luanda e refor\u00e7a frota com 80 autocarros"},"content":{"rendered":"<p><img loading=\"lazy\" class=\"alignnone size-medium wp-image-216109\" src=\"https:\/\/rna.ao\/rna.ao\/wp-content\/uploads\/2026\/04\/IMG_8649-770x331.jpeg\" alt=\"\" width=\"770\" height=\"331\" srcset=\"https:\/\/rna.ao\/rna.ao\/wp-content\/uploads\/2026\/04\/IMG_8649-770x331.jpeg 770w, https:\/\/rna.ao\/rna.ao\/wp-content\/uploads\/2026\/04\/IMG_8649-768x330.jpeg 768w, https:\/\/rna.ao\/rna.ao\/wp-content\/uploads\/2026\/04\/IMG_8649.jpeg 845w\" sizes=\"(max-width: 770px) 100vw, 770px\" \/>A empresa de transportes colectivos urbano de Luanda, TCUL, passou, a partir de hoje, para a tutela do Governo Provincial de Luanda.<\/p>\n<p>O acto de transfer\u00eancia foi presidido pelo ministro dos Transportes, Ricardo D\u2019Abreu, que aproveitou o momento para refor\u00e7ar a frota da TCUL com 80 autocarros. O Tom\u00e9 Armando est\u00e1 na base operacional da TCUL, no Cazenga. Clique no \u00e1udio e ou\u00e7a:<\/p>\n\t<div class=\"qtmplayer-playlist-large\">\n\t\t<ul class=\"qtmplayer-playlist\">\n\t\t\t\n\t\t\t\t\t<li class=\"qtmplayer-trackitem\">\n\t\t<img src=\"https:\/\/rna.ao\/rna.ao\/wp-content\/uploads\/2026\/04\/IMG_8649-100x100.jpeg\" alt=\"cover\">\t\t<span \t\t\tdata-qtmplayer-cover=\"https:\/\/rna.ao\/rna.ao\/wp-content\/uploads\/2026\/04\/IMG_8649.jpeg\"\n\t\t\t\t\t\tdata-qtmplayer-file=\"https:\/\/rna.ao\/rna.ao\/wp-content\/uploads\/2026\/04\/TOME-ARMANDO-TCUL-13HRS-.mp3\"\n\t\t\t\t\t\tdata-qtmplayer-title=\"TCUL passa para tutela do Governo Provincial de Luanda e refor\u00e7a frota com 80 autocarros\"\n\t\t\t\t\t\tdata-qtmplayer-artist=\"Juliana Nunes\"\n\t\t\t\t\t\tdata-qtmplayer-link=\"https:\/\/rna.ao\/rna.ao\/2026\/04\/28\/tcul-passa-para-tutela-do-governo-provincial-de-luanda-e-reforca-frota-com-80-autocarros\/\"\n\t\t\t\t\t\tdata-qtmplayer-icon=\"file_download\"\n\t\t\t\t\t\tdata-qtmplayer-type=\"track\"\n\t\t\t class=\"qtmplayer-play qtmplayer-link-sec qtmplayer-play-btn\"><i class='material-icons'>play_arrow<\/i><\/span>\n\t\t<p>\n\t\t\t<span class=\"qtmplayer-tit\">TCUL passa para tutela do Governo Provincial de Luanda e refor\u00e7a frota com 80 autocarros<\/span>\n\t\t\t<span class=\"qtmplayer-art\">Juliana Nunes<\/span>\n\t\t<\/p>\n\t<\/li>\n\t\t<\/ul>\n\t<\/div>\t\t\t\n\t\n","protected":false},"excerpt":{"rendered":"<p>A empresa de transportes colectivos urbano de Luanda, TCUL, passou, a partir de hoje, para a tutela do Governo Provincial de Luanda. O acto de transfer\u00eancia foi presidido pelo ministro dos Transportes, Ricardo D\u2019Abreu, que aproveitou o momento para refor\u00e7ar a frota da TCUL com 80 autocarros. O Tom\u00e9 Armando ...<\/p>\n","protected":false},"author":16,"featured_media":216109,"comment_status":"closed","ping_status":"closed","sticky":false,"template":"","format":"standard","meta":[],"categories":[142,121,141,133,164],"tags":[],"_links":{"self":[{"href":"https:\/\/rna.ao\/rna.ao\/wp-json\/wp\/v2\/posts\/216108"}],"collection":[{"href":"https:\/\/rna.ao\/rna.ao\/wp-json\/wp\/v2\/posts"}],"about":[{"href":"https:\/\/rna.ao\/rna.ao\/wp-json\/wp\/v2\/types\/post"}],"author":[{"embeddable":true,"href":"https:\/\/rna.ao\/rna.ao\/wp-json\/wp\/v2\/users\/16"}],"replies":[{"embeddable":true,"href":"https:\/\/rna.ao\/rna.ao\/wp-json\/wp\/v2\/comments?post=216108"}],"version-history":[{"count":2,"href":"https:\/\/rna.ao\/rna.ao\/wp-json\/wp\/v2\/posts\/216108\/revisions"}],"predecessor-version":[{"id":216112,"href":"https:\/\/rna.ao\/rna.ao\/wp-json\/wp\/v2\/posts\/216108\/revisions\/216112"}],"wp:featuredmedia":[{"embeddable":true,"href":"https:\/\/rna.ao\/rna.ao\/wp-json\/wp\/v2\/media\/216109"}],"wp:attachment":[{"href":"https:\/\/rna.ao\/rna.ao\/wp-json\/wp\/v2\/media?parent=216108"}],"wp:term":[{"taxonomy":"category","embeddable":true,"href":"https:\/\/rna.ao\/rna.ao\/wp-json\/wp\/v2\/categories?post=216108"},{"taxonomy":"post_tag","embeddable":true,"href":"https:\/\/rna.ao\/rna.ao\/wp-json\/wp\/v2\/tags?post=216108"}],"curies":[{"name":"wp","href":"https:\/\/api.w.org\/{rel}","templated":true}]}}