{"id":216103,"date":"2026-04-28T13:58:09","date_gmt":"2026-04-28T12:58:09","guid":{"rendered":"https:\/\/rna.ao\/rna.ao\/?p=216103"},"modified":"2026-04-28T13:59:10","modified_gmt":"2026-04-28T12:59:10","slug":"nova-onda-de-xenofobia-na-africa-do-sul-pode-comprometer-boas-relacoes-diplomaticas-com-paises-afectados","status":"publish","type":"post","link":"https:\/\/rna.ao\/rna.ao\/2026\/04\/28\/nova-onda-de-xenofobia-na-africa-do-sul-pode-comprometer-boas-relacoes-diplomaticas-com-paises-afectados\/","title":{"rendered":"Nova onda de xenofobia na \u00c1frica do Sul pode comprometer boas rela\u00e7\u00f5es diplom\u00e1ticas com pa\u00edses afectados"},"content":{"rendered":"<p><img loading=\"lazy\" class=\"alignnone size-full wp-image-216104\" src=\"https:\/\/rna.ao\/rna.ao\/wp-content\/uploads\/2026\/04\/IMG_8647.jpeg\" alt=\"\" width=\"588\" height=\"330\" \/>Na \u00c1frica do Sul, h\u00e1 uma nova onda de ataques xen\u00f3fobos que preocupa alguns pa\u00edses da regi\u00e3o austral.<\/p>\n<p>Em Mo\u00e7ambique, a situa\u00e7\u00e3o preocupa a sociedade e os partidos pol\u00edticos, que criticam uma alegada ina\u00e7\u00e3o do Governo.<\/p>\n<p>Por c\u00e1, o professor e especialista em rela\u00e7\u00f5es internacionais, Dr. Ant\u00f3nio Fernando Pedro Gomes, fala num poss\u00edvel impacto negativo nas rela\u00e7\u00f5es diplom\u00e1ticas entre a \u00c1frica do Sul e os pa\u00edses visados. Jornalista Isaac Resende. Clique no \u00e1udio e ou\u00e7a:<\/p>\n\t<div class=\"qtmplayer-playlist-large\">\n\t\t<ul class=\"qtmplayer-playlist\">\n\t\t\t\n\t\t\t\t\t<li class=\"qtmplayer-trackitem\">\n\t\t<img src=\"https:\/\/rna.ao\/rna.ao\/wp-content\/uploads\/2026\/04\/IMG_8647-100x100.jpeg\" alt=\"cover\">\t\t<span \t\t\tdata-qtmplayer-cover=\"https:\/\/rna.ao\/rna.ao\/wp-content\/uploads\/2026\/04\/IMG_8647.jpeg\"\n\t\t\t\t\t\tdata-qtmplayer-file=\"https:\/\/rna.ao\/rna.ao\/wp-content\/uploads\/2026\/04\/ISAAC-RESENDE-13HRS-1.mp3\"\n\t\t\t\t\t\tdata-qtmplayer-title=\"Nova onda de xenofobia na \u00c1frica do Sul pode comprometer boas rela\u00e7\u00f5es diplom\u00e1ticas com pa\u00edses afectados\"\n\t\t\t\t\t\tdata-qtmplayer-artist=\"Juliana Nunes\"\n\t\t\t\t\t\tdata-qtmplayer-link=\"https:\/\/rna.ao\/rna.ao\/2026\/04\/28\/nova-onda-de-xenofobia-na-africa-do-sul-pode-comprometer-boas-relacoes-diplomaticas-com-paises-afectados\/\"\n\t\t\t\t\t\tdata-qtmplayer-icon=\"file_download\"\n\t\t\t\t\t\tdata-qtmplayer-type=\"track\"\n\t\t\t class=\"qtmplayer-play qtmplayer-link-sec qtmplayer-play-btn\"><i class='material-icons'>play_arrow<\/i><\/span>\n\t\t<p>\n\t\t\t<span class=\"qtmplayer-tit\">Nova onda de xenofobia na \u00c1frica do Sul pode comprometer boas rela\u00e7\u00f5es diplom\u00e1ticas com pa\u00edses afectados<\/span>\n\t\t\t<span class=\"qtmplayer-art\">Juliana Nunes<\/span>\n\t\t<\/p>\n\t<\/li>\n\t\t<\/ul>\n\t<\/div>\t\t\t\n\t\n","protected":false},"excerpt":{"rendered":"<p>Na \u00c1frica do Sul, h\u00e1 uma nova onda de ataques xen\u00f3fobos que preocupa alguns pa\u00edses da regi\u00e3o austral. Em Mo\u00e7ambique, a situa\u00e7\u00e3o preocupa a sociedade e os partidos pol\u00edticos, que criticam uma alegada ina\u00e7\u00e3o do Governo. Por c\u00e1, o professor e especialista em rela\u00e7\u00f5es internacionais, Dr. Ant\u00f3nio Fernando Pedro Gomes, ...<\/p>\n","protected":false},"author":16,"featured_media":216104,"comment_status":"closed","ping_status":"closed","sticky":false,"template":"","format":"standard","meta":[],"categories":[143,137],"tags":[],"_links":{"self":[{"href":"https:\/\/rna.ao\/rna.ao\/wp-json\/wp\/v2\/posts\/216103"}],"collection":[{"href":"https:\/\/rna.ao\/rna.ao\/wp-json\/wp\/v2\/posts"}],"about":[{"href":"https:\/\/rna.ao\/rna.ao\/wp-json\/wp\/v2\/types\/post"}],"author":[{"embeddable":true,"href":"https:\/\/rna.ao\/rna.ao\/wp-json\/wp\/v2\/users\/16"}],"replies":[{"embeddable":true,"href":"https:\/\/rna.ao\/rna.ao\/wp-json\/wp\/v2\/comments?post=216103"}],"version-history":[{"count":2,"href":"https:\/\/rna.ao\/rna.ao\/wp-json\/wp\/v2\/posts\/216103\/revisions"}],"predecessor-version":[{"id":216107,"href":"https:\/\/rna.ao\/rna.ao\/wp-json\/wp\/v2\/posts\/216103\/revisions\/216107"}],"wp:featuredmedia":[{"embeddable":true,"href":"https:\/\/rna.ao\/rna.ao\/wp-json\/wp\/v2\/media\/216104"}],"wp:attachment":[{"href":"https:\/\/rna.ao\/rna.ao\/wp-json\/wp\/v2\/media?parent=216103"}],"wp:term":[{"taxonomy":"category","embeddable":true,"href":"https:\/\/rna.ao\/rna.ao\/wp-json\/wp\/v2\/categories?post=216103"},{"taxonomy":"post_tag","embeddable":true,"href":"https:\/\/rna.ao\/rna.ao\/wp-json\/wp\/v2\/tags?post=216103"}],"curies":[{"name":"wp","href":"https:\/\/api.w.org\/{rel}","templated":true}]}}