{"id":216098,"date":"2026-04-28T13:49:31","date_gmt":"2026-04-28T12:49:31","guid":{"rendered":"https:\/\/rna.ao\/rna.ao\/?p=216098"},"modified":"2026-04-28T13:49:31","modified_gmt":"2026-04-28T12:49:31","slug":"somalia-enfrenta-um-novo-desastre-alimentar-15-anos-depois-de-ter-sofrido-uma-das-piores-situacoes-de-fome-no-pais-que-fez-quase-260-mil-mortos","status":"publish","type":"post","link":"https:\/\/rna.ao\/rna.ao\/2026\/04\/28\/somalia-enfrenta-um-novo-desastre-alimentar-15-anos-depois-de-ter-sofrido-uma-das-piores-situacoes-de-fome-no-pais-que-fez-quase-260-mil-mortos\/","title":{"rendered":"Som\u00e1lia enfrenta um novo desastre alimentar, 15 anos depois de ter sofrido uma das piores situa\u00e7\u00f5es de fome no pa\u00eds, que fez quase 260 mil mortos"},"content":{"rendered":"<p><img loading=\"lazy\" class=\"alignnone size-medium wp-image-216100\" src=\"https:\/\/rna.ao\/rna.ao\/wp-content\/uploads\/2026\/04\/IMG_8646-770x577.jpeg\" alt=\"\" width=\"770\" height=\"577\" srcset=\"https:\/\/rna.ao\/rna.ao\/wp-content\/uploads\/2026\/04\/IMG_8646-770x577.jpeg 770w, https:\/\/rna.ao\/rna.ao\/wp-content\/uploads\/2026\/04\/IMG_8646-768x575.jpeg 768w, https:\/\/rna.ao\/rna.ao\/wp-content\/uploads\/2026\/04\/IMG_8646.jpeg 960w\" sizes=\"(max-width: 770px) 100vw, 770px\" \/>A Som\u00e1lia enfrenta um novo desastre alimentar, 15 anos depois de ter sofrido uma das piores situa\u00e7\u00f5es de fome no pa\u00eds, que fez quase 260 mil mortos, metade dos quais crian\u00e7as, alertou hoje a organiza\u00e7\u00e3o Save the Children.<\/p>\n<p>Num relat\u00f3rio intitulado \u201cQuando a ajuda desaparece, a inf\u00e2ncia tamb\u00e9m desaparece\u201d, a organiza\u00e7\u00e3o n\u00e3o-governamental revelou como o colapso do financiamento internacional para a Som\u00e1lia em 2025 poder\u00e1 levar, em breve, a resultados catastr\u00f3ficos nunca vistos desde a fome de 2011.<\/p>\n<p>Mais de 1,84 milh\u00f5es de crian\u00e7as com menos de cinco anos correm o risco de subnutri\u00e7\u00e3o aguda, de acordo com a Classifica\u00e7\u00e3o Integrada das Fases da Seguran\u00e7a Alimentar, uma ferramenta que mede a gravidade das situa\u00e7\u00f5es de seguran\u00e7a alimentar em cinco fases, da melhor \u00e0 pior.<\/p>\n","protected":false},"excerpt":{"rendered":"<p>A Som\u00e1lia enfrenta um novo desastre alimentar, 15 anos depois de ter sofrido uma das piores situa\u00e7\u00f5es de fome no pa\u00eds, que fez quase 260 mil mortos, metade dos quais crian\u00e7as, alertou hoje a organiza\u00e7\u00e3o Save the Children. Num relat\u00f3rio intitulado \u201cQuando a ajuda desaparece, a inf\u00e2ncia tamb\u00e9m desaparece\u201d, a ...<\/p>\n","protected":false},"author":16,"featured_media":216100,"comment_status":"closed","ping_status":"closed","sticky":false,"template":"","format":"standard","meta":[],"categories":[143,137,163,1],"tags":[],"_links":{"self":[{"href":"https:\/\/rna.ao\/rna.ao\/wp-json\/wp\/v2\/posts\/216098"}],"collection":[{"href":"https:\/\/rna.ao\/rna.ao\/wp-json\/wp\/v2\/posts"}],"about":[{"href":"https:\/\/rna.ao\/rna.ao\/wp-json\/wp\/v2\/types\/post"}],"author":[{"embeddable":true,"href":"https:\/\/rna.ao\/rna.ao\/wp-json\/wp\/v2\/users\/16"}],"replies":[{"embeddable":true,"href":"https:\/\/rna.ao\/rna.ao\/wp-json\/wp\/v2\/comments?post=216098"}],"version-history":[{"count":1,"href":"https:\/\/rna.ao\/rna.ao\/wp-json\/wp\/v2\/posts\/216098\/revisions"}],"predecessor-version":[{"id":216101,"href":"https:\/\/rna.ao\/rna.ao\/wp-json\/wp\/v2\/posts\/216098\/revisions\/216101"}],"wp:featuredmedia":[{"embeddable":true,"href":"https:\/\/rna.ao\/rna.ao\/wp-json\/wp\/v2\/media\/216100"}],"wp:attachment":[{"href":"https:\/\/rna.ao\/rna.ao\/wp-json\/wp\/v2\/media?parent=216098"}],"wp:term":[{"taxonomy":"category","embeddable":true,"href":"https:\/\/rna.ao\/rna.ao\/wp-json\/wp\/v2\/categories?post=216098"},{"taxonomy":"post_tag","embeddable":true,"href":"https:\/\/rna.ao\/rna.ao\/wp-json\/wp\/v2\/tags?post=216098"}],"curies":[{"name":"wp","href":"https:\/\/api.w.org\/{rel}","templated":true}]}}