{"id":216093,"date":"2026-04-28T13:38:41","date_gmt":"2026-04-28T12:38:41","guid":{"rendered":"https:\/\/rna.ao\/rna.ao\/?p=216093"},"modified":"2026-04-28T13:39:47","modified_gmt":"2026-04-28T12:39:47","slug":"governo-abriu-concurso-publico-para-admissao-de-novos-funcionarios-em-tres-instituicoes-publicas","status":"publish","type":"post","link":"https:\/\/rna.ao\/rna.ao\/2026\/04\/28\/governo-abriu-concurso-publico-para-admissao-de-novos-funcionarios-em-tres-instituicoes-publicas\/","title":{"rendered":"Governo abriu concurso p\u00fablico para admiss\u00e3o de novos funcion\u00e1rios em tr\u00eas institui\u00e7\u00f5es p\u00fablicas"},"content":{"rendered":"<p><img loading=\"lazy\" class=\"alignnone size-medium wp-image-216094\" src=\"https:\/\/rna.ao\/rna.ao\/wp-content\/uploads\/2026\/04\/IMG_8640-770x513.jpeg\" alt=\"\" width=\"770\" height=\"513\" srcset=\"https:\/\/rna.ao\/rna.ao\/wp-content\/uploads\/2026\/04\/IMG_8640-770x513.jpeg 770w, https:\/\/rna.ao\/rna.ao\/wp-content\/uploads\/2026\/04\/IMG_8640-1170x779.jpeg 1170w, https:\/\/rna.ao\/rna.ao\/wp-content\/uploads\/2026\/04\/IMG_8640-768x511.jpeg 768w, https:\/\/rna.ao\/rna.ao\/wp-content\/uploads\/2026\/04\/IMG_8640.jpeg 1280w\" sizes=\"(max-width: 770px) 100vw, 770px\" \/>O Governo abriu um procedimento para a admiss\u00e3o de novos funcion\u00e1rios, com vista ao refor\u00e7o e \u00e0 melhoria do desempenho da fun\u00e7\u00e3o p\u00fablica.<\/p>\n<p>Os minist\u00e9rios da Administra\u00e7\u00e3o P\u00fablica, Emprego e Seguran\u00e7a Social, dos Transportes e a Academia Ven\u00e2ncio de Moura v\u00e3o admitir os novos funcion\u00e1rios. Jornalista Celestino Camati. Clique no \u00e1udio e ou\u00e7a:<\/p>\n\t<div class=\"qtmplayer-playlist-large\">\n\t\t<ul class=\"qtmplayer-playlist\">\n\t\t\t\n\t\t\t\t\t<li class=\"qtmplayer-trackitem\">\n\t\t<img src=\"https:\/\/rna.ao\/rna.ao\/wp-content\/uploads\/2026\/04\/IMG_8640-100x100.jpeg\" alt=\"cover\">\t\t<span \t\t\tdata-qtmplayer-cover=\"https:\/\/rna.ao\/rna.ao\/wp-content\/uploads\/2026\/04\/IMG_8640-370x370.jpeg\"\n\t\t\t\t\t\tdata-qtmplayer-file=\"https:\/\/rna.ao\/rna.ao\/wp-content\/uploads\/2026\/04\/CELESTINO-CAMATY-13HRS.mp3\"\n\t\t\t\t\t\tdata-qtmplayer-title=\"Governo abriu concurso p\u00fablico para admiss\u00e3o de novos funcion\u00e1rios em tr\u00eas institui\u00e7\u00f5es p\u00fablicas\"\n\t\t\t\t\t\tdata-qtmplayer-artist=\"Juliana Nunes\"\n\t\t\t\t\t\tdata-qtmplayer-link=\"https:\/\/rna.ao\/rna.ao\/2026\/04\/28\/governo-abriu-concurso-publico-para-admissao-de-novos-funcionarios-em-tres-instituicoes-publicas\/\"\n\t\t\t\t\t\tdata-qtmplayer-icon=\"file_download\"\n\t\t\t\t\t\tdata-qtmplayer-type=\"track\"\n\t\t\t class=\"qtmplayer-play qtmplayer-link-sec qtmplayer-play-btn\"><i class='material-icons'>play_arrow<\/i><\/span>\n\t\t<p>\n\t\t\t<span class=\"qtmplayer-tit\">Governo abriu concurso p\u00fablico para admiss\u00e3o de novos funcion\u00e1rios em tr\u00eas institui\u00e7\u00f5es p\u00fablicas<\/span>\n\t\t\t<span class=\"qtmplayer-art\">Juliana Nunes<\/span>\n\t\t<\/p>\n\t<\/li>\n\t\t<\/ul>\n\t<\/div>\t\t\t\n\t\n","protected":false},"excerpt":{"rendered":"<p>O Governo abriu um procedimento para a admiss\u00e3o de novos funcion\u00e1rios, com vista ao refor\u00e7o e \u00e0 melhoria do desempenho da fun\u00e7\u00e3o p\u00fablica. Os minist\u00e9rios da Administra\u00e7\u00e3o P\u00fablica, Emprego e Seguran\u00e7a Social, dos Transportes e a Academia Ven\u00e2ncio de Moura v\u00e3o admitir os novos funcion\u00e1rios. Jornalista Celestino Camati. Clique no ...<\/p>\n","protected":false},"author":16,"featured_media":216094,"comment_status":"closed","ping_status":"closed","sticky":false,"template":"","format":"standard","meta":[],"categories":[142,121,164,163],"tags":[],"_links":{"self":[{"href":"https:\/\/rna.ao\/rna.ao\/wp-json\/wp\/v2\/posts\/216093"}],"collection":[{"href":"https:\/\/rna.ao\/rna.ao\/wp-json\/wp\/v2\/posts"}],"about":[{"href":"https:\/\/rna.ao\/rna.ao\/wp-json\/wp\/v2\/types\/post"}],"author":[{"embeddable":true,"href":"https:\/\/rna.ao\/rna.ao\/wp-json\/wp\/v2\/users\/16"}],"replies":[{"embeddable":true,"href":"https:\/\/rna.ao\/rna.ao\/wp-json\/wp\/v2\/comments?post=216093"}],"version-history":[{"count":2,"href":"https:\/\/rna.ao\/rna.ao\/wp-json\/wp\/v2\/posts\/216093\/revisions"}],"predecessor-version":[{"id":216097,"href":"https:\/\/rna.ao\/rna.ao\/wp-json\/wp\/v2\/posts\/216093\/revisions\/216097"}],"wp:featuredmedia":[{"embeddable":true,"href":"https:\/\/rna.ao\/rna.ao\/wp-json\/wp\/v2\/media\/216094"}],"wp:attachment":[{"href":"https:\/\/rna.ao\/rna.ao\/wp-json\/wp\/v2\/media?parent=216093"}],"wp:term":[{"taxonomy":"category","embeddable":true,"href":"https:\/\/rna.ao\/rna.ao\/wp-json\/wp\/v2\/categories?post=216093"},{"taxonomy":"post_tag","embeddable":true,"href":"https:\/\/rna.ao\/rna.ao\/wp-json\/wp\/v2\/tags?post=216093"}],"curies":[{"name":"wp","href":"https:\/\/api.w.org\/{rel}","templated":true}]}}