{"id":216088,"date":"2026-04-28T13:24:02","date_gmt":"2026-04-28T12:24:02","guid":{"rendered":"https:\/\/rna.ao\/rna.ao\/?p=216088"},"modified":"2026-04-28T13:24:02","modified_gmt":"2026-04-28T12:24:02","slug":"joao-ernesto-dos-santos-e-o-novo-ministro-de-estado-e-chefe-da-casa-militar-do-presidente-da-republica","status":"publish","type":"post","link":"https:\/\/rna.ao\/rna.ao\/2026\/04\/28\/joao-ernesto-dos-santos-e-o-novo-ministro-de-estado-e-chefe-da-casa-militar-do-presidente-da-republica\/","title":{"rendered":"Jo\u00e3o Ernesto dos Santos \u00e9 o novo Ministro de Estado e Chefe da Casa Militar do Presidente da Rep\u00fablica"},"content":{"rendered":"<p><img loading=\"lazy\" class=\"size-medium wp-image-216089\" src=\"https:\/\/rna.ao\/rna.ao\/wp-content\/uploads\/2026\/04\/IMG_8639-578x770.jpeg\" alt=\"\" width=\"578\" height=\"770\" srcset=\"https:\/\/rna.ao\/rna.ao\/wp-content\/uploads\/2026\/04\/IMG_8639-578x770.jpeg 578w, https:\/\/rna.ao\/rna.ao\/wp-content\/uploads\/2026\/04\/IMG_8639-879x1170.jpeg 879w, https:\/\/rna.ao\/rna.ao\/wp-content\/uploads\/2026\/04\/IMG_8639-768x1022.jpeg 768w, https:\/\/rna.ao\/rna.ao\/wp-content\/uploads\/2026\/04\/IMG_8639-1154x1536.jpeg 1154w, https:\/\/rna.ao\/rna.ao\/wp-content\/uploads\/2026\/04\/IMG_8639-1538x2048.jpeg 1538w, https:\/\/rna.ao\/rna.ao\/wp-content\/uploads\/2026\/04\/IMG_8639-scaled.jpeg 1923w\" sizes=\"(max-width: 578px) 100vw, 578px\" \/><\/p>\n<p>Por conveni\u00eancia de servi\u00e7o, o Presidente da Rep\u00fablica, Jo\u00e3o Manuel Gon\u00e7alves Louren\u00e7o, decreta, nos termos da Constitui\u00e7\u00e3o da Rep\u00fablica de Angola, o seguinte:<\/p>\n<p>\u00c9 exonerado Francisco Pereira Furtado, do cargo de Ministro de Estado e Chefe da Casa Militar do Presidente da Rep\u00fablica.<\/p>\n<p>Por conveni\u00eancia de servi\u00e7o, \u00e9 exonerado Jo\u00e3o Ernesto dos Santos, do cargo de Ministro da Defesa Nacional, Antigos Combatentes e Veteranos da P\u00e1tria.<\/p>\n<p>Por conveni\u00eancia de servi\u00e7o, o Presidente da Rep\u00fablica decreta, nos termos da Constitui\u00e7\u00e3o da Rep\u00fablica de Angola, o seguinte:<\/p>\n<p>\u00c9 nomeado Jo\u00e3o Ernesto dos Santos para o cargo de Ministro de Estado e Chefe da Casa Militar do Presidente da Rep\u00fablica.<\/p>\n","protected":false},"excerpt":{"rendered":"<p>Por conveni\u00eancia de servi\u00e7o, o Presidente da Rep\u00fablica, Jo\u00e3o Manuel Gon\u00e7alves Louren\u00e7o, decreta, nos termos da Constitui\u00e7\u00e3o da Rep\u00fablica de Angola, o seguinte: \u00c9 exonerado Francisco Pereira Furtado, do cargo de Ministro de Estado e Chefe da Casa Militar do Presidente da Rep\u00fablica. Por conveni\u00eancia de servi\u00e7o, \u00e9 exonerado Jo\u00e3o ...<\/p>\n","protected":false},"author":16,"featured_media":216089,"comment_status":"closed","ping_status":"closed","sticky":false,"template":"","format":"standard","meta":[],"categories":[142,121,164,163,1],"tags":[],"_links":{"self":[{"href":"https:\/\/rna.ao\/rna.ao\/wp-json\/wp\/v2\/posts\/216088"}],"collection":[{"href":"https:\/\/rna.ao\/rna.ao\/wp-json\/wp\/v2\/posts"}],"about":[{"href":"https:\/\/rna.ao\/rna.ao\/wp-json\/wp\/v2\/types\/post"}],"author":[{"embeddable":true,"href":"https:\/\/rna.ao\/rna.ao\/wp-json\/wp\/v2\/users\/16"}],"replies":[{"embeddable":true,"href":"https:\/\/rna.ao\/rna.ao\/wp-json\/wp\/v2\/comments?post=216088"}],"version-history":[{"count":1,"href":"https:\/\/rna.ao\/rna.ao\/wp-json\/wp\/v2\/posts\/216088\/revisions"}],"predecessor-version":[{"id":216092,"href":"https:\/\/rna.ao\/rna.ao\/wp-json\/wp\/v2\/posts\/216088\/revisions\/216092"}],"wp:featuredmedia":[{"embeddable":true,"href":"https:\/\/rna.ao\/rna.ao\/wp-json\/wp\/v2\/media\/216089"}],"wp:attachment":[{"href":"https:\/\/rna.ao\/rna.ao\/wp-json\/wp\/v2\/media?parent=216088"}],"wp:term":[{"taxonomy":"category","embeddable":true,"href":"https:\/\/rna.ao\/rna.ao\/wp-json\/wp\/v2\/categories?post=216088"},{"taxonomy":"post_tag","embeddable":true,"href":"https:\/\/rna.ao\/rna.ao\/wp-json\/wp\/v2\/tags?post=216088"}],"curies":[{"name":"wp","href":"https:\/\/api.w.org\/{rel}","templated":true}]}}