{"id":216080,"date":"2026-04-28T13:15:30","date_gmt":"2026-04-28T12:15:30","guid":{"rendered":"https:\/\/rna.ao\/rna.ao\/?p=216080"},"modified":"2026-04-28T13:16:31","modified_gmt":"2026-04-28T12:16:31","slug":"angola-aposta-na-lideranca-digital-na-regiao-austral-de-africa-com-a-entrada-em-funcionamento-a-partir-de-hoje-do-data-center-e-cloud-nacional","status":"publish","type":"post","link":"https:\/\/rna.ao\/rna.ao\/2026\/04\/28\/angola-aposta-na-lideranca-digital-na-regiao-austral-de-africa-com-a-entrada-em-funcionamento-a-partir-de-hoje-do-data-center-e-cloud-nacional\/","title":{"rendered":"Angola aposta na lideran\u00e7a digital na regi\u00e3o austral de \u00c1frica com a entrada em funcionamento, a partir de hoje, do Data Center e Cloud nacional"},"content":{"rendered":"<p><img loading=\"lazy\" class=\"alignnone size-medium wp-image-216081\" src=\"https:\/\/rna.ao\/rna.ao\/wp-content\/uploads\/2026\/04\/IMG_8634-770x513.jpeg\" alt=\"\" width=\"770\" height=\"513\" srcset=\"https:\/\/rna.ao\/rna.ao\/wp-content\/uploads\/2026\/04\/IMG_8634-770x513.jpeg 770w, https:\/\/rna.ao\/rna.ao\/wp-content\/uploads\/2026\/04\/IMG_8634-768x512.jpeg 768w, https:\/\/rna.ao\/rna.ao\/wp-content\/uploads\/2026\/04\/IMG_8634.jpeg 960w\" sizes=\"(max-width: 770px) 100vw, 770px\" \/>Angola ganhou hoje o seu primeiro Data Center e Cloud nacional.<\/p>\n<p>Uma infraestrutura estrat\u00e9gica para o armazenamento e processamento de dados do Estado.<\/p>\n<p>Localizado no Camama, aqui em Luanda, o projecto visa garantir o armazenamento de dados governamentais e a hospedagem de sistemas inform\u00e1ticos p\u00fablicos.<\/p>\n<p>Al\u00e9m de servir o Estado, a infraestrutura prev\u00ea tamb\u00e9m a disponibiliza\u00e7\u00e3o de servi\u00e7os tecnol\u00f3gicos a empresas privadas, nacionais e estrangeiras.<\/p>\n<p><img loading=\"lazy\" class=\"alignnone size-medium wp-image-216082\" src=\"https:\/\/rna.ao\/rna.ao\/wp-content\/uploads\/2026\/04\/IMG_8636-770x513.jpeg\" alt=\"\" width=\"770\" height=\"513\" srcset=\"https:\/\/rna.ao\/rna.ao\/wp-content\/uploads\/2026\/04\/IMG_8636-770x513.jpeg 770w, https:\/\/rna.ao\/rna.ao\/wp-content\/uploads\/2026\/04\/IMG_8636-1170x779.jpeg 1170w, https:\/\/rna.ao\/rna.ao\/wp-content\/uploads\/2026\/04\/IMG_8636-768x511.jpeg 768w, https:\/\/rna.ao\/rna.ao\/wp-content\/uploads\/2026\/04\/IMG_8636.jpeg 1280w\" sizes=\"(max-width: 770px) 100vw, 770px\" \/>A infraestrutura foi inaugurada pelo Jo\u00e3o Louren\u00e7o.<\/p>\n<p>O ministro das Telecomunica\u00e7\u00f5es, Tecnologias de Informa\u00e7\u00e3o e Comunica\u00e7\u00e3o Social, M\u00e1rio Oliveira, assegurou que o Data Center e a Cloud do Governo t\u00eam suporte legal e v\u00e3o garantir a integridade dos dados. A infraestrutura representa o in\u00edcio da caminhada para a conquista da soberania digital. Jornalista Sany Fuche. Clique no \u00e1udio e ou\u00e7a:<\/p>\n\t<div class=\"qtmplayer-playlist-large\">\n\t\t<ul class=\"qtmplayer-playlist\">\n\t\t\t\n\t\t\t\t\t<li class=\"qtmplayer-trackitem\">\n\t\t<img src=\"https:\/\/rna.ao\/rna.ao\/wp-content\/uploads\/2026\/04\/IMG_8634-100x100.jpeg\" alt=\"cover\">\t\t<span \t\t\tdata-qtmplayer-cover=\"https:\/\/rna.ao\/rna.ao\/wp-content\/uploads\/2026\/04\/IMG_8634-370x370.jpeg\"\n\t\t\t\t\t\tdata-qtmplayer-file=\"https:\/\/rna.ao\/rna.ao\/wp-content\/uploads\/2026\/04\/SANY-FUCHI-DATE-CENTER-13HRS.mp3\"\n\t\t\t\t\t\tdata-qtmplayer-title=\"Angola aposta na lideran\u00e7a digital na regi\u00e3o austral de \u00c1frica com a entrada em funcionamento, a partir de hoje, do Data Center e Cloud nacional\"\n\t\t\t\t\t\tdata-qtmplayer-artist=\"Juliana Nunes\"\n\t\t\t\t\t\tdata-qtmplayer-link=\"https:\/\/rna.ao\/rna.ao\/2026\/04\/28\/angola-aposta-na-lideranca-digital-na-regiao-austral-de-africa-com-a-entrada-em-funcionamento-a-partir-de-hoje-do-data-center-e-cloud-nacional\/\"\n\t\t\t\t\t\tdata-qtmplayer-icon=\"file_download\"\n\t\t\t\t\t\tdata-qtmplayer-type=\"track\"\n\t\t\t class=\"qtmplayer-play qtmplayer-link-sec qtmplayer-play-btn\"><i class='material-icons'>play_arrow<\/i><\/span>\n\t\t<p>\n\t\t\t<span class=\"qtmplayer-tit\">Angola aposta na lideran\u00e7a digital na regi\u00e3o austral de \u00c1frica com a entrada em funcionamento, a partir de hoje, do Data Center e Cloud nacional<\/span>\n\t\t\t<span class=\"qtmplayer-art\">Juliana Nunes<\/span>\n\t\t<\/p>\n\t<\/li>\n\t\t<\/ul>\n\t<\/div>\t\t\t\n\t\n<p><img loading=\"lazy\" class=\"alignnone size-medium wp-image-216083\" src=\"https:\/\/rna.ao\/rna.ao\/wp-content\/uploads\/2026\/04\/IMG_8638-770x514.jpeg\" alt=\"\" width=\"770\" height=\"514\" srcset=\"https:\/\/rna.ao\/rna.ao\/wp-content\/uploads\/2026\/04\/IMG_8638-770x514.jpeg 770w, https:\/\/rna.ao\/rna.ao\/wp-content\/uploads\/2026\/04\/IMG_8638-1170x781.jpeg 1170w, https:\/\/rna.ao\/rna.ao\/wp-content\/uploads\/2026\/04\/IMG_8638-768x512.jpeg 768w, https:\/\/rna.ao\/rna.ao\/wp-content\/uploads\/2026\/04\/IMG_8638.jpeg 1280w\" sizes=\"(max-width: 770px) 100vw, 770px\" \/>E respons\u00e1veis de alguns departamentos ministeriais do aparelho governativo do pa\u00eds consideram uma mais-valia a entrada em funcionamento do Data Center do Governo.<\/p>\n<p>Os titulares de \u00f3rg\u00e3os da Administra\u00e7\u00e3o P\u00fablica acreditam que a infraestrutura vai refor\u00e7ar a ciberseguran\u00e7a a n\u00edvel do pa\u00eds. Jornalista Daniel Marques. Clique no \u00e1udio e ou\u00e7a:<\/p>\n\t<div class=\"qtmplayer-playlist-large\">\n\t\t<ul class=\"qtmplayer-playlist\">\n\t\t\t\n\t\t\t\t\t<li class=\"qtmplayer-trackitem\">\n\t\t<img src=\"https:\/\/rna.ao\/rna.ao\/wp-content\/uploads\/2026\/04\/IMG_8634-100x100.jpeg\" alt=\"cover\">\t\t<span \t\t\tdata-qtmplayer-cover=\"https:\/\/rna.ao\/rna.ao\/wp-content\/uploads\/2026\/04\/IMG_8634-370x370.jpeg\"\n\t\t\t\t\t\tdata-qtmplayer-file=\"https:\/\/rna.ao\/rna.ao\/wp-content\/uploads\/2026\/04\/DANIEL-MARQUES-INTERNACIONAL-07HRS-1.mp3\"\n\t\t\t\t\t\tdata-qtmplayer-title=\"Angola aposta na lideran\u00e7a digital na regi\u00e3o austral de \u00c1frica com a entrada em funcionamento, a partir de hoje, do Data Center e Cloud nacional\"\n\t\t\t\t\t\tdata-qtmplayer-artist=\"Juliana Nunes\"\n\t\t\t\t\t\tdata-qtmplayer-link=\"https:\/\/rna.ao\/rna.ao\/2026\/04\/28\/angola-aposta-na-lideranca-digital-na-regiao-austral-de-africa-com-a-entrada-em-funcionamento-a-partir-de-hoje-do-data-center-e-cloud-nacional\/\"\n\t\t\t\t\t\tdata-qtmplayer-icon=\"file_download\"\n\t\t\t\t\t\tdata-qtmplayer-type=\"track\"\n\t\t\t class=\"qtmplayer-play qtmplayer-link-sec qtmplayer-play-btn\"><i class='material-icons'>play_arrow<\/i><\/span>\n\t\t<p>\n\t\t\t<span class=\"qtmplayer-tit\">Angola aposta na lideran\u00e7a digital na regi\u00e3o austral de \u00c1frica com a entrada em funcionamento, a partir de hoje, do Data Center e Cloud nacional<\/span>\n\t\t\t<span class=\"qtmplayer-art\">Juliana Nunes<\/span>\n\t\t<\/p>\n\t<\/li>\n\t\t<\/ul>\n\t<\/div>\t\t\t\n\t\n","protected":false},"excerpt":{"rendered":"<p>Angola ganhou hoje o seu primeiro Data Center e Cloud nacional. Uma infraestrutura estrat\u00e9gica para o armazenamento e processamento de dados do Estado. Localizado no Camama, aqui em Luanda, o projecto visa garantir o armazenamento de dados governamentais e a hospedagem de sistemas inform\u00e1ticos p\u00fablicos. Al\u00e9m de servir o Estado, ...<\/p>\n","protected":false},"author":16,"featured_media":216081,"comment_status":"closed","ping_status":"closed","sticky":false,"template":"","format":"standard","meta":[],"categories":[142,121,164,163],"tags":[],"_links":{"self":[{"href":"https:\/\/rna.ao\/rna.ao\/wp-json\/wp\/v2\/posts\/216080"}],"collection":[{"href":"https:\/\/rna.ao\/rna.ao\/wp-json\/wp\/v2\/posts"}],"about":[{"href":"https:\/\/rna.ao\/rna.ao\/wp-json\/wp\/v2\/types\/post"}],"author":[{"embeddable":true,"href":"https:\/\/rna.ao\/rna.ao\/wp-json\/wp\/v2\/users\/16"}],"replies":[{"embeddable":true,"href":"https:\/\/rna.ao\/rna.ao\/wp-json\/wp\/v2\/comments?post=216080"}],"version-history":[{"count":2,"href":"https:\/\/rna.ao\/rna.ao\/wp-json\/wp\/v2\/posts\/216080\/revisions"}],"predecessor-version":[{"id":216087,"href":"https:\/\/rna.ao\/rna.ao\/wp-json\/wp\/v2\/posts\/216080\/revisions\/216087"}],"wp:featuredmedia":[{"embeddable":true,"href":"https:\/\/rna.ao\/rna.ao\/wp-json\/wp\/v2\/media\/216081"}],"wp:attachment":[{"href":"https:\/\/rna.ao\/rna.ao\/wp-json\/wp\/v2\/media?parent=216080"}],"wp:term":[{"taxonomy":"category","embeddable":true,"href":"https:\/\/rna.ao\/rna.ao\/wp-json\/wp\/v2\/categories?post=216080"},{"taxonomy":"post_tag","embeddable":true,"href":"https:\/\/rna.ao\/rna.ao\/wp-json\/wp\/v2\/tags?post=216080"}],"curies":[{"name":"wp","href":"https:\/\/api.w.org\/{rel}","templated":true}]}}