{"id":216074,"date":"2026-04-28T13:00:41","date_gmt":"2026-04-28T12:00:41","guid":{"rendered":"https:\/\/rna.ao\/rna.ao\/?p=216074"},"modified":"2026-04-28T13:01:30","modified_gmt":"2026-04-28T12:01:30","slug":"angola-trabalha-num-diploma-legal-para-a-plantacao-de-arvores-destinadas-a-exploracao-comercial-dos-recursos-florestais","status":"publish","type":"post","link":"https:\/\/rna.ao\/rna.ao\/2026\/04\/28\/angola-trabalha-num-diploma-legal-para-a-plantacao-de-arvores-destinadas-a-exploracao-comercial-dos-recursos-florestais\/","title":{"rendered":"Angola trabalha num diploma legal para a planta\u00e7\u00e3o de \u00e1rvores destinadas \u00e0 explora\u00e7\u00e3o comercial dos recursos florestais"},"content":{"rendered":"<p><img loading=\"lazy\" class=\"alignnone size-full wp-image-216075\" src=\"https:\/\/rna.ao\/rna.ao\/wp-content\/uploads\/2026\/04\/IMG_8632.jpeg\" alt=\"\" width=\"560\" height=\"340\" \/>Angola est\u00e1 a trabalhar num diploma legal para a planta\u00e7\u00e3o de \u00e1rvores destinadas \u00e0 explora\u00e7\u00e3o comercial dos recursos florestais.<\/p>\n<p>A iniciativa visa garantir uma produ\u00e7\u00e3o est\u00e1vel e sustent\u00e1vel, a longo prazo, da mat\u00e9ria-prima e proteger as florestas no pa\u00eds.<\/p>\n<p>O ministro da Agricultura e Florestas, Isaac dos Anjos, disse ainda que os madeireiros devem come\u00e7ar a apostar na industrializa\u00e7\u00e3o da madeira em Angola. Jornalista Dito Tavares. Clique no \u00e1udio e ou\u00e7a:<\/p>\n\t<div class=\"qtmplayer-playlist-large\">\n\t\t<ul class=\"qtmplayer-playlist\">\n\t\t\t\n\t\t\t\t\t<li class=\"qtmplayer-trackitem\">\n\t\t<img src=\"https:\/\/rna.ao\/rna.ao\/wp-content\/uploads\/2026\/04\/IMG_8632-100x100.jpeg\" alt=\"cover\">\t\t<span \t\t\tdata-qtmplayer-cover=\"https:\/\/rna.ao\/rna.ao\/wp-content\/uploads\/2026\/04\/IMG_8632.jpeg\"\n\t\t\t\t\t\tdata-qtmplayer-file=\"https:\/\/rna.ao\/rna.ao\/wp-content\/uploads\/2026\/04\/DITO-TAVARES-13-HRS.mp3\"\n\t\t\t\t\t\tdata-qtmplayer-title=\"Angola trabalha num diploma legal para a planta\u00e7\u00e3o de \u00e1rvores destinadas \u00e0 explora\u00e7\u00e3o comercial dos recursos florestais\"\n\t\t\t\t\t\tdata-qtmplayer-artist=\"Juliana Nunes\"\n\t\t\t\t\t\tdata-qtmplayer-link=\"https:\/\/rna.ao\/rna.ao\/2026\/04\/28\/angola-trabalha-num-diploma-legal-para-a-plantacao-de-arvores-destinadas-a-exploracao-comercial-dos-recursos-florestais\/\"\n\t\t\t\t\t\tdata-qtmplayer-icon=\"file_download\"\n\t\t\t\t\t\tdata-qtmplayer-type=\"track\"\n\t\t\t class=\"qtmplayer-play qtmplayer-link-sec qtmplayer-play-btn\"><i class='material-icons'>play_arrow<\/i><\/span>\n\t\t<p>\n\t\t\t<span class=\"qtmplayer-tit\">Angola trabalha num diploma legal para a planta\u00e7\u00e3o de \u00e1rvores destinadas \u00e0 explora\u00e7\u00e3o comercial dos recursos florestais<\/span>\n\t\t\t<span class=\"qtmplayer-art\">Juliana Nunes<\/span>\n\t\t<\/p>\n\t<\/li>\n\t\t<\/ul>\n\t<\/div>\t\t\t\n\t\n","protected":false},"excerpt":{"rendered":"<p>Angola est\u00e1 a trabalhar num diploma legal para a planta\u00e7\u00e3o de \u00e1rvores destinadas \u00e0 explora\u00e7\u00e3o comercial dos recursos florestais. A iniciativa visa garantir uma produ\u00e7\u00e3o est\u00e1vel e sustent\u00e1vel, a longo prazo, da mat\u00e9ria-prima e proteger as florestas no pa\u00eds. O ministro da Agricultura e Florestas, Isaac dos Anjos, disse ainda ...<\/p>\n","protected":false},"author":16,"featured_media":216075,"comment_status":"closed","ping_status":"closed","sticky":false,"template":"","format":"standard","meta":[],"categories":[142,121,164],"tags":[],"_links":{"self":[{"href":"https:\/\/rna.ao\/rna.ao\/wp-json\/wp\/v2\/posts\/216074"}],"collection":[{"href":"https:\/\/rna.ao\/rna.ao\/wp-json\/wp\/v2\/posts"}],"about":[{"href":"https:\/\/rna.ao\/rna.ao\/wp-json\/wp\/v2\/types\/post"}],"author":[{"embeddable":true,"href":"https:\/\/rna.ao\/rna.ao\/wp-json\/wp\/v2\/users\/16"}],"replies":[{"embeddable":true,"href":"https:\/\/rna.ao\/rna.ao\/wp-json\/wp\/v2\/comments?post=216074"}],"version-history":[{"count":2,"href":"https:\/\/rna.ao\/rna.ao\/wp-json\/wp\/v2\/posts\/216074\/revisions"}],"predecessor-version":[{"id":216078,"href":"https:\/\/rna.ao\/rna.ao\/wp-json\/wp\/v2\/posts\/216074\/revisions\/216078"}],"wp:featuredmedia":[{"embeddable":true,"href":"https:\/\/rna.ao\/rna.ao\/wp-json\/wp\/v2\/media\/216075"}],"wp:attachment":[{"href":"https:\/\/rna.ao\/rna.ao\/wp-json\/wp\/v2\/media?parent=216074"}],"wp:term":[{"taxonomy":"category","embeddable":true,"href":"https:\/\/rna.ao\/rna.ao\/wp-json\/wp\/v2\/categories?post=216074"},{"taxonomy":"post_tag","embeddable":true,"href":"https:\/\/rna.ao\/rna.ao\/wp-json\/wp\/v2\/tags?post=216074"}],"curies":[{"name":"wp","href":"https:\/\/api.w.org\/{rel}","templated":true}]}}