{"id":216068,"date":"2026-04-28T12:46:11","date_gmt":"2026-04-28T11:46:11","guid":{"rendered":"https:\/\/rna.ao\/rna.ao\/?p=216068"},"modified":"2026-04-28T12:46:52","modified_gmt":"2026-04-28T11:46:52","slug":"benguela-ate-ao-final-do-mes-de-junho-sera-reposto-o-normal-fornecimento-de-agua-as-areas-afectadas-pelas-cheias-do-rio-cavaco","status":"publish","type":"post","link":"https:\/\/rna.ao\/rna.ao\/2026\/04\/28\/benguela-ate-ao-final-do-mes-de-junho-sera-reposto-o-normal-fornecimento-de-agua-as-areas-afectadas-pelas-cheias-do-rio-cavaco\/","title":{"rendered":"Benguela. At\u00e9 ao final do m\u00eas de junho ser\u00e1 reposto o normal fornecimento de \u00e1gua \u00e0s \u00e1reas afectadas pelas cheias do rio Cavaco"},"content":{"rendered":"<p><img loading=\"lazy\" class=\"alignnone size-medium wp-image-216069\" src=\"https:\/\/rna.ao\/rna.ao\/wp-content\/uploads\/2026\/04\/859faefd-9c95-4a2f-9fd8-655bf7bb6a3a-701x770.jpeg\" alt=\"\" width=\"701\" height=\"770\" srcset=\"https:\/\/rna.ao\/rna.ao\/wp-content\/uploads\/2026\/04\/859faefd-9c95-4a2f-9fd8-655bf7bb6a3a-701x770.jpeg 701w, https:\/\/rna.ao\/rna.ao\/wp-content\/uploads\/2026\/04\/859faefd-9c95-4a2f-9fd8-655bf7bb6a3a-1064x1170.jpeg 1064w, https:\/\/rna.ao\/rna.ao\/wp-content\/uploads\/2026\/04\/859faefd-9c95-4a2f-9fd8-655bf7bb6a3a-768x844.jpeg 768w, https:\/\/rna.ao\/rna.ao\/wp-content\/uploads\/2026\/04\/859faefd-9c95-4a2f-9fd8-655bf7bb6a3a-1397x1536.jpeg 1397w, https:\/\/rna.ao\/rna.ao\/wp-content\/uploads\/2026\/04\/859faefd-9c95-4a2f-9fd8-655bf7bb6a3a-1863x2048.jpeg 1863w\" sizes=\"(max-width: 701px) 100vw, 701px\" \/>At\u00e9 ao final do m\u00eas de junho ser\u00e1 reposto o normal abastecimento de \u00e1gua aos bairros afectados pelo transbordo do rio Cavaco, em Benguela.<\/p>\n<p>A conduta de \u00e1gua que servia estas localidades foi destru\u00edda pela for\u00e7a das \u00e1guas, prejudicando mais de 150 mil pessoas.<\/p>\n<p>Nesta altura, a popula\u00e7\u00e3o est\u00e1 a consumir \u00e1gua das cisternas, o que preocupa as autoridades, devido aos casos de c\u00f3lera na regi\u00e3o. Jornalista Ismael Macosso. Clique no \u00e1udio e ou\u00e7a:<\/p>\n\t<div class=\"qtmplayer-playlist-large\">\n\t\t<ul class=\"qtmplayer-playlist\">\n\t\t\t\n\t\t\t\t\t<li class=\"qtmplayer-trackitem\">\n\t\t<img src=\"https:\/\/rna.ao\/rna.ao\/wp-content\/uploads\/2026\/04\/859faefd-9c95-4a2f-9fd8-655bf7bb6a3a-100x100.jpeg\" alt=\"cover\">\t\t<span \t\t\tdata-qtmplayer-cover=\"https:\/\/rna.ao\/rna.ao\/wp-content\/uploads\/2026\/04\/859faefd-9c95-4a2f-9fd8-655bf7bb6a3a-370x370.jpeg\"\n\t\t\t\t\t\tdata-qtmplayer-file=\"https:\/\/rna.ao\/rna.ao\/wp-content\/uploads\/2026\/04\/BENGUELA-AGUA-13-HRS.mp3\"\n\t\t\t\t\t\tdata-qtmplayer-title=\"Benguela. At\u00e9 ao final do m\u00eas de junho ser\u00e1 reposto o normal fornecimento de \u00e1gua \u00e0s \u00e1reas afectadas pelas cheias do rio Cavaco\"\n\t\t\t\t\t\tdata-qtmplayer-artist=\"Juliana Nunes\"\n\t\t\t\t\t\tdata-qtmplayer-link=\"https:\/\/rna.ao\/rna.ao\/2026\/04\/28\/benguela-ate-ao-final-do-mes-de-junho-sera-reposto-o-normal-fornecimento-de-agua-as-areas-afectadas-pelas-cheias-do-rio-cavaco\/\"\n\t\t\t\t\t\tdata-qtmplayer-icon=\"file_download\"\n\t\t\t\t\t\tdata-qtmplayer-type=\"track\"\n\t\t\t class=\"qtmplayer-play qtmplayer-link-sec qtmplayer-play-btn\"><i class='material-icons'>play_arrow<\/i><\/span>\n\t\t<p>\n\t\t\t<span class=\"qtmplayer-tit\">Benguela. At\u00e9 ao final do m\u00eas de junho ser\u00e1 reposto o normal fornecimento de \u00e1gua \u00e0s \u00e1reas afectadas pelas cheias do rio Cavaco<\/span>\n\t\t\t<span class=\"qtmplayer-art\">Juliana Nunes<\/span>\n\t\t<\/p>\n\t<\/li>\n\t\t<\/ul>\n\t<\/div>\t\t\t\n\t\n","protected":false},"excerpt":{"rendered":"<p>At\u00e9 ao final do m\u00eas de junho ser\u00e1 reposto o normal abastecimento de \u00e1gua aos bairros afectados pelo transbordo do rio Cavaco, em Benguela. A conduta de \u00e1gua que servia estas localidades foi destru\u00edda pela for\u00e7a das \u00e1guas, prejudicando mais de 150 mil pessoas. Nesta altura, a popula\u00e7\u00e3o est\u00e1 a ...<\/p>\n","protected":false},"author":16,"featured_media":216069,"comment_status":"closed","ping_status":"closed","sticky":false,"template":"","format":"standard","meta":[],"categories":[142,121,164,163],"tags":[],"_links":{"self":[{"href":"https:\/\/rna.ao\/rna.ao\/wp-json\/wp\/v2\/posts\/216068"}],"collection":[{"href":"https:\/\/rna.ao\/rna.ao\/wp-json\/wp\/v2\/posts"}],"about":[{"href":"https:\/\/rna.ao\/rna.ao\/wp-json\/wp\/v2\/types\/post"}],"author":[{"embeddable":true,"href":"https:\/\/rna.ao\/rna.ao\/wp-json\/wp\/v2\/users\/16"}],"replies":[{"embeddable":true,"href":"https:\/\/rna.ao\/rna.ao\/wp-json\/wp\/v2\/comments?post=216068"}],"version-history":[{"count":2,"href":"https:\/\/rna.ao\/rna.ao\/wp-json\/wp\/v2\/posts\/216068\/revisions"}],"predecessor-version":[{"id":216072,"href":"https:\/\/rna.ao\/rna.ao\/wp-json\/wp\/v2\/posts\/216068\/revisions\/216072"}],"wp:featuredmedia":[{"embeddable":true,"href":"https:\/\/rna.ao\/rna.ao\/wp-json\/wp\/v2\/media\/216069"}],"wp:attachment":[{"href":"https:\/\/rna.ao\/rna.ao\/wp-json\/wp\/v2\/media?parent=216068"}],"wp:term":[{"taxonomy":"category","embeddable":true,"href":"https:\/\/rna.ao\/rna.ao\/wp-json\/wp\/v2\/categories?post=216068"},{"taxonomy":"post_tag","embeddable":true,"href":"https:\/\/rna.ao\/rna.ao\/wp-json\/wp\/v2\/tags?post=216068"}],"curies":[{"name":"wp","href":"https:\/\/api.w.org\/{rel}","templated":true}]}}