{"id":216062,"date":"2026-04-28T12:33:04","date_gmt":"2026-04-28T11:33:04","guid":{"rendered":"https:\/\/rna.ao\/rna.ao\/?p=216062"},"modified":"2026-04-28T12:34:30","modified_gmt":"2026-04-28T11:34:30","slug":"antiga-ministra-das-pescas-comeca-a-ser-julgada-amanha-no-tribunal-supremo-vitoria-de-barros-neto-e-acusada-de-peculato","status":"publish","type":"post","link":"https:\/\/rna.ao\/rna.ao\/2026\/04\/28\/antiga-ministra-das-pescas-comeca-a-ser-julgada-amanha-no-tribunal-supremo-vitoria-de-barros-neto-e-acusada-de-peculato\/","title":{"rendered":"Antiga ministra das Pescas come\u00e7a a ser julgada amanh\u00e3 no Tribunal Supremo. Vit\u00f3ria de Barros Neto \u00e9 acusada de peculato"},"content":{"rendered":"<p><img loading=\"lazy\" class=\"alignnone size-medium wp-image-216064\" src=\"https:\/\/rna.ao\/rna.ao\/wp-content\/uploads\/2026\/04\/IMG_8627-1-770x564.jpeg\" alt=\"\" width=\"770\" height=\"564\" srcset=\"https:\/\/rna.ao\/rna.ao\/wp-content\/uploads\/2026\/04\/IMG_8627-1-770x564.jpeg 770w, https:\/\/rna.ao\/rna.ao\/wp-content\/uploads\/2026\/04\/IMG_8627-1-1170x856.jpeg 1170w, https:\/\/rna.ao\/rna.ao\/wp-content\/uploads\/2026\/04\/IMG_8627-1-768x562.jpeg 768w, https:\/\/rna.ao\/rna.ao\/wp-content\/uploads\/2026\/04\/IMG_8627-1-1536x1124.jpeg 1536w, https:\/\/rna.ao\/rna.ao\/wp-content\/uploads\/2026\/04\/IMG_8627-1.jpeg 1600w\" sizes=\"(max-width: 770px) 100vw, 770px\" \/>O Tribunal Supremo d\u00e1 in\u00edcio, nesta quarta-feira, ao julgamento da antiga ministra das Pescas.<\/p>\n<p>Vit\u00f3ria de Barros Neto \u00e9 acusada do crime de peculato e, com ela, ser\u00e3o tamb\u00e9m julgados outros tr\u00eas arguidos.<\/p>\n<p>O processo tem como relator o Venerando Juiz Conselheiro Jo\u00e3o Fuantoni, coadjuvado pelos Venerandos Ju\u00edzes Conselheiros, Nazar\u00e9 Pascoal e Artur Gunza.<\/p>\n<p>O an\u00fancio foi feito pelo porta-voz do Tribunal Supremo, Leandro Lopes. Clique no \u00e1udio e ou\u00e7a:<\/p>\n\t<div class=\"qtmplayer-playlist-large\">\n\t\t<ul class=\"qtmplayer-playlist\">\n\t\t\t\n\t\t\t\t\t<li class=\"qtmplayer-trackitem\">\n\t\t<img src=\"https:\/\/rna.ao\/rna.ao\/wp-content\/uploads\/2026\/04\/IMG_8627-1-100x100.jpeg\" alt=\"cover\">\t\t<span \t\t\tdata-qtmplayer-cover=\"https:\/\/rna.ao\/rna.ao\/wp-content\/uploads\/2026\/04\/IMG_8627-1-370x370.jpeg\"\n\t\t\t\t\t\tdata-qtmplayer-file=\"https:\/\/rna.ao\/rna.ao\/wp-content\/uploads\/2026\/04\/LEANDRO-LOPES-12HRS.mp3\"\n\t\t\t\t\t\tdata-qtmplayer-title=\"Antiga ministra das Pescas come\u00e7a a ser julgada amanh\u00e3 no Tribunal Supremo. Vit\u00f3ria de Barros Neto \u00e9 acusada de peculato\"\n\t\t\t\t\t\tdata-qtmplayer-artist=\"Juliana Nunes\"\n\t\t\t\t\t\tdata-qtmplayer-link=\"https:\/\/rna.ao\/rna.ao\/2026\/04\/28\/antiga-ministra-das-pescas-comeca-a-ser-julgada-amanha-no-tribunal-supremo-vitoria-de-barros-neto-e-acusada-de-peculato\/\"\n\t\t\t\t\t\tdata-qtmplayer-icon=\"file_download\"\n\t\t\t\t\t\tdata-qtmplayer-type=\"track\"\n\t\t\t class=\"qtmplayer-play qtmplayer-link-sec qtmplayer-play-btn\"><i class='material-icons'>play_arrow<\/i><\/span>\n\t\t<p>\n\t\t\t<span class=\"qtmplayer-tit\">Antiga ministra das Pescas come\u00e7a a ser julgada amanh\u00e3 no Tribunal Supremo. Vit\u00f3ria de Barros Neto \u00e9 acusada de peculato<\/span>\n\t\t\t<span class=\"qtmplayer-art\">Juliana Nunes<\/span>\n\t\t<\/p>\n\t<\/li>\n\t\t<\/ul>\n\t<\/div>\t\t\t\n\t\n","protected":false},"excerpt":{"rendered":"<p>O Tribunal Supremo d\u00e1 in\u00edcio, nesta quarta-feira, ao julgamento da antiga ministra das Pescas. Vit\u00f3ria de Barros Neto \u00e9 acusada do crime de peculato e, com ela, ser\u00e3o tamb\u00e9m julgados outros tr\u00eas arguidos. O processo tem como relator o Venerando Juiz Conselheiro Jo\u00e3o Fuantoni, coadjuvado pelos Venerandos Ju\u00edzes Conselheiros, Nazar\u00e9 ...<\/p>\n","protected":false},"author":16,"featured_media":216064,"comment_status":"closed","ping_status":"closed","sticky":false,"template":"","format":"standard","meta":[],"categories":[142,121,164,163],"tags":[],"_links":{"self":[{"href":"https:\/\/rna.ao\/rna.ao\/wp-json\/wp\/v2\/posts\/216062"}],"collection":[{"href":"https:\/\/rna.ao\/rna.ao\/wp-json\/wp\/v2\/posts"}],"about":[{"href":"https:\/\/rna.ao\/rna.ao\/wp-json\/wp\/v2\/types\/post"}],"author":[{"embeddable":true,"href":"https:\/\/rna.ao\/rna.ao\/wp-json\/wp\/v2\/users\/16"}],"replies":[{"embeddable":true,"href":"https:\/\/rna.ao\/rna.ao\/wp-json\/wp\/v2\/comments?post=216062"}],"version-history":[{"count":2,"href":"https:\/\/rna.ao\/rna.ao\/wp-json\/wp\/v2\/posts\/216062\/revisions"}],"predecessor-version":[{"id":216067,"href":"https:\/\/rna.ao\/rna.ao\/wp-json\/wp\/v2\/posts\/216062\/revisions\/216067"}],"wp:featuredmedia":[{"embeddable":true,"href":"https:\/\/rna.ao\/rna.ao\/wp-json\/wp\/v2\/media\/216064"}],"wp:attachment":[{"href":"https:\/\/rna.ao\/rna.ao\/wp-json\/wp\/v2\/media?parent=216062"}],"wp:term":[{"taxonomy":"category","embeddable":true,"href":"https:\/\/rna.ao\/rna.ao\/wp-json\/wp\/v2\/categories?post=216062"},{"taxonomy":"post_tag","embeddable":true,"href":"https:\/\/rna.ao\/rna.ao\/wp-json\/wp\/v2\/tags?post=216062"}],"curies":[{"name":"wp","href":"https:\/\/api.w.org\/{rel}","templated":true}]}}