{"id":216056,"date":"2026-04-28T12:11:50","date_gmt":"2026-04-28T11:11:50","guid":{"rendered":"https:\/\/rna.ao\/rna.ao\/?p=216056"},"modified":"2026-04-28T12:13:33","modified_gmt":"2026-04-28T11:13:33","slug":"petro-de-luanda-conhece-hoje-o-seu-adversario-da-final-do-unitel-basket-no-jogo-entre-o-1-o-de-agosto-e-o-sporting-de-luanda","status":"publish","type":"post","link":"https:\/\/rna.ao\/rna.ao\/2026\/04\/28\/petro-de-luanda-conhece-hoje-o-seu-adversario-da-final-do-unitel-basket-no-jogo-entre-o-1-o-de-agosto-e-o-sporting-de-luanda\/","title":{"rendered":"Petro de Luanda conhece hoje o seu advers\u00e1rio da final do Unitel Basket, no jogo entre o 1.\u00ba de Agosto e o Sporting"},"content":{"rendered":"<p><img loading=\"lazy\" class=\"alignnone size-medium wp-image-216057\" src=\"https:\/\/rna.ao\/rna.ao\/wp-content\/uploads\/2026\/04\/IMG_8617-770x710.jpeg\" alt=\"\" width=\"770\" height=\"710\" srcset=\"https:\/\/rna.ao\/rna.ao\/wp-content\/uploads\/2026\/04\/IMG_8617-770x710.jpeg 770w, https:\/\/rna.ao\/rna.ao\/wp-content\/uploads\/2026\/04\/IMG_8617-1170x1078.jpeg 1170w, https:\/\/rna.ao\/rna.ao\/wp-content\/uploads\/2026\/04\/IMG_8617-768x708.jpeg 768w, https:\/\/rna.ao\/rna.ao\/wp-content\/uploads\/2026\/04\/IMG_8617.jpeg 1200w\" sizes=\"(max-width: 770px) 100vw, 770px\" \/>A expectativa cresce no Unitel Basket.<\/p>\n<p>Quem ser\u00e1 o advers\u00e1rio do Petro de Luanda na grande final?<\/p>\n<p>A resposta ser\u00e1 conhecida hoje \u00e0 noite, quando se defrontarem o 1.\u00ba de Agosto e o Sporting de Luanda, \u00e0s 18 horas, na Arena do Kilamba, para o jogo 5 do play-off das meias-finais.<\/p>\n<p>Os le\u00f5es chegam motivados ap\u00f3s a vit\u00f3ria do \u00faltimo domingo, que igualou a s\u00e9rie em 2-2.<\/p>\n<p>No entanto, Lazare Adingono est\u00e1 convicto de que o segundo lugar da final ser\u00e1 dos militares. Clique no \u00e1udio e ou\u00e7a:<\/p>\n\t<div class=\"qtmplayer-playlist-large\">\n\t\t<ul class=\"qtmplayer-playlist\">\n\t\t\t\n\t\t\t\t\t<li class=\"qtmplayer-trackitem\">\n\t\t<img src=\"https:\/\/rna.ao\/rna.ao\/wp-content\/uploads\/2026\/04\/IMG_8617-100x100.jpeg\" alt=\"cover\">\t\t<span \t\t\tdata-qtmplayer-cover=\"https:\/\/rna.ao\/rna.ao\/wp-content\/uploads\/2026\/04\/IMG_8617-370x370.jpeg\"\n\t\t\t\t\t\tdata-qtmplayer-file=\"https:\/\/rna.ao\/rna.ao\/wp-content\/uploads\/2026\/04\/7HRS-2-LAZARE-ANDINGONOU-28-04-26.mp3\"\n\t\t\t\t\t\tdata-qtmplayer-title=\"Petro de Luanda conhece hoje o seu advers\u00e1rio da final do Unitel Basket, no jogo entre o 1.\u00ba de Agosto e o Sporting\"\n\t\t\t\t\t\tdata-qtmplayer-artist=\"Juliana Nunes\"\n\t\t\t\t\t\tdata-qtmplayer-link=\"https:\/\/rna.ao\/rna.ao\/2026\/04\/28\/petro-de-luanda-conhece-hoje-o-seu-adversario-da-final-do-unitel-basket-no-jogo-entre-o-1-o-de-agosto-e-o-sporting-de-luanda\/\"\n\t\t\t\t\t\tdata-qtmplayer-icon=\"file_download\"\n\t\t\t\t\t\tdata-qtmplayer-type=\"track\"\n\t\t\t class=\"qtmplayer-play qtmplayer-link-sec qtmplayer-play-btn\"><i class='material-icons'>play_arrow<\/i><\/span>\n\t\t<p>\n\t\t\t<span class=\"qtmplayer-tit\">Petro de Luanda conhece hoje o seu advers\u00e1rio da final do Unitel Basket, no jogo entre o 1.\u00ba de Agosto e o Sporting<\/span>\n\t\t\t<span class=\"qtmplayer-art\">Juliana Nunes<\/span>\n\t\t<\/p>\n\t<\/li>\n\t\t<\/ul>\n\t<\/div>\t\t\t\n\t\n","protected":false},"excerpt":{"rendered":"<p>A expectativa cresce no Unitel Basket. Quem ser\u00e1 o advers\u00e1rio do Petro de Luanda na grande final? A resposta ser\u00e1 conhecida hoje \u00e0 noite, quando se defrontarem o 1.\u00ba de Agosto e o Sporting de Luanda, \u00e0s 18 horas, na Arena do Kilamba, para o jogo 5 do play-off das ...<\/p>\n","protected":false},"author":16,"featured_media":216057,"comment_status":"closed","ping_status":"closed","sticky":false,"template":"","format":"standard","meta":[],"categories":[145,125],"tags":[],"_links":{"self":[{"href":"https:\/\/rna.ao\/rna.ao\/wp-json\/wp\/v2\/posts\/216056"}],"collection":[{"href":"https:\/\/rna.ao\/rna.ao\/wp-json\/wp\/v2\/posts"}],"about":[{"href":"https:\/\/rna.ao\/rna.ao\/wp-json\/wp\/v2\/types\/post"}],"author":[{"embeddable":true,"href":"https:\/\/rna.ao\/rna.ao\/wp-json\/wp\/v2\/users\/16"}],"replies":[{"embeddable":true,"href":"https:\/\/rna.ao\/rna.ao\/wp-json\/wp\/v2\/comments?post=216056"}],"version-history":[{"count":3,"href":"https:\/\/rna.ao\/rna.ao\/wp-json\/wp\/v2\/posts\/216056\/revisions"}],"predecessor-version":[{"id":216061,"href":"https:\/\/rna.ao\/rna.ao\/wp-json\/wp\/v2\/posts\/216056\/revisions\/216061"}],"wp:featuredmedia":[{"embeddable":true,"href":"https:\/\/rna.ao\/rna.ao\/wp-json\/wp\/v2\/media\/216057"}],"wp:attachment":[{"href":"https:\/\/rna.ao\/rna.ao\/wp-json\/wp\/v2\/media?parent=216056"}],"wp:term":[{"taxonomy":"category","embeddable":true,"href":"https:\/\/rna.ao\/rna.ao\/wp-json\/wp\/v2\/categories?post=216056"},{"taxonomy":"post_tag","embeddable":true,"href":"https:\/\/rna.ao\/rna.ao\/wp-json\/wp\/v2\/tags?post=216056"}],"curies":[{"name":"wp","href":"https:\/\/api.w.org\/{rel}","templated":true}]}}