{"id":216051,"date":"2026-04-28T11:12:17","date_gmt":"2026-04-28T10:12:17","guid":{"rendered":"https:\/\/rna.ao\/rna.ao\/?p=216051"},"modified":"2026-04-28T11:12:17","modified_gmt":"2026-04-28T10:12:17","slug":"psg-e-bayern-de-munique-entram-em-campo-esta-noite-para-disputar-os-primeiros-90-minutos-da-primeira-meia-final-da-liga-dos-campeoes-da-uefa","status":"publish","type":"post","link":"https:\/\/rna.ao\/rna.ao\/2026\/04\/28\/psg-e-bayern-de-munique-entram-em-campo-esta-noite-para-disputar-os-primeiros-90-minutos-da-primeira-meia-final-da-liga-dos-campeoes-da-uefa\/","title":{"rendered":"PSG e Bayern de Munique entram em campo esta noite para disputar os primeiros 90 minutos da primeira meia-final da Liga dos Campe\u00f5es da UEFA"},"content":{"rendered":"<p><img loading=\"lazy\" class=\"alignnone size-full wp-image-216052\" src=\"https:\/\/rna.ao\/rna.ao\/wp-content\/uploads\/2026\/04\/cd76f790-f4e9-4bf5-ace5-177255889395.jpeg\" alt=\"\" width=\"530\" height=\"530\" srcset=\"https:\/\/rna.ao\/rna.ao\/wp-content\/uploads\/2026\/04\/cd76f790-f4e9-4bf5-ace5-177255889395.jpeg 530w, https:\/\/rna.ao\/rna.ao\/wp-content\/uploads\/2026\/04\/cd76f790-f4e9-4bf5-ace5-177255889395-150x150.jpeg 150w, https:\/\/rna.ao\/rna.ao\/wp-content\/uploads\/2026\/04\/cd76f790-f4e9-4bf5-ace5-177255889395-100x100.jpeg 100w, https:\/\/rna.ao\/rna.ao\/wp-content\/uploads\/2026\/04\/cd76f790-f4e9-4bf5-ace5-177255889395-370x370.jpeg 370w\" sizes=\"(max-width: 530px) 100vw, 530px\" \/>O Paris Saint-Germain e o Bayern de Munique entram em campo esta noite para disputar os primeiros 90 minutos da primeira meia-final da Liga dos Campe\u00f5es da UEFA.<\/p>\n<p>O encontro ser\u00e1 disputado no Parque dos Pr\u00edncipes, em Paris, palco habitual da forma\u00e7\u00e3o francesa.<\/p>\n<p>As duas equipas chegam a esta fase depois de eliminarem advers\u00e1rios de peso.<\/p>\n<p>O PSG afastou o Liverpool FC com um agregado de 4-0, enquanto o Bayern de Munique superou o Real Madrid CF por 6-4 no conjunto das duas m\u00e3os.<\/p>\n<p>Espera-se um duelo equilibrado entre duas das forma\u00e7\u00f5es mais fortes do futebol europeu, numa eliminat\u00f3ria que promete emo\u00e7\u00e3o at\u00e9 ao apito final.<\/p>\n","protected":false},"excerpt":{"rendered":"<p>O Paris Saint-Germain e o Bayern de Munique entram em campo esta noite para disputar os primeiros 90 minutos da primeira meia-final da Liga dos Campe\u00f5es da UEFA. O encontro ser\u00e1 disputado no Parque dos Pr\u00edncipes, em Paris, palco habitual da forma\u00e7\u00e3o francesa. As duas equipas chegam a esta fase ...<\/p>\n","protected":false},"author":16,"featured_media":216052,"comment_status":"closed","ping_status":"closed","sticky":false,"template":"","format":"standard","meta":[],"categories":[145,125,1],"tags":[],"_links":{"self":[{"href":"https:\/\/rna.ao\/rna.ao\/wp-json\/wp\/v2\/posts\/216051"}],"collection":[{"href":"https:\/\/rna.ao\/rna.ao\/wp-json\/wp\/v2\/posts"}],"about":[{"href":"https:\/\/rna.ao\/rna.ao\/wp-json\/wp\/v2\/types\/post"}],"author":[{"embeddable":true,"href":"https:\/\/rna.ao\/rna.ao\/wp-json\/wp\/v2\/users\/16"}],"replies":[{"embeddable":true,"href":"https:\/\/rna.ao\/rna.ao\/wp-json\/wp\/v2\/comments?post=216051"}],"version-history":[{"count":1,"href":"https:\/\/rna.ao\/rna.ao\/wp-json\/wp\/v2\/posts\/216051\/revisions"}],"predecessor-version":[{"id":216053,"href":"https:\/\/rna.ao\/rna.ao\/wp-json\/wp\/v2\/posts\/216051\/revisions\/216053"}],"wp:featuredmedia":[{"embeddable":true,"href":"https:\/\/rna.ao\/rna.ao\/wp-json\/wp\/v2\/media\/216052"}],"wp:attachment":[{"href":"https:\/\/rna.ao\/rna.ao\/wp-json\/wp\/v2\/media?parent=216051"}],"wp:term":[{"taxonomy":"category","embeddable":true,"href":"https:\/\/rna.ao\/rna.ao\/wp-json\/wp\/v2\/categories?post=216051"},{"taxonomy":"post_tag","embeddable":true,"href":"https:\/\/rna.ao\/rna.ao\/wp-json\/wp\/v2\/tags?post=216051"}],"curies":[{"name":"wp","href":"https:\/\/api.w.org\/{rel}","templated":true}]}}