{"id":216032,"date":"2026-04-28T10:27:41","date_gmt":"2026-04-28T09:27:41","guid":{"rendered":"https:\/\/rna.ao\/rna.ao\/?p=216032"},"modified":"2026-04-28T10:28:07","modified_gmt":"2026-04-28T09:28:07","slug":"junta-militar-declara-recolher-obrigatorio-de-72h-no-mali-apos-ataques","status":"publish","type":"post","link":"https:\/\/rna.ao\/rna.ao\/2026\/04\/28\/junta-militar-declara-recolher-obrigatorio-de-72h-no-mali-apos-ataques\/","title":{"rendered":"Junta militar declara recolher obrigat\u00f3rio de 72h no Mali ap\u00f3s ataques"},"content":{"rendered":"<p><img loading=\"lazy\" class=\"alignnone size-medium wp-image-216035\" src=\"https:\/\/rna.ao\/rna.ao\/wp-content\/uploads\/2026\/04\/ace956f4-6d37-4c62-b1cf-1a79501ad17d-770x422.jpeg\" alt=\"\" width=\"770\" height=\"422\" srcset=\"https:\/\/rna.ao\/rna.ao\/wp-content\/uploads\/2026\/04\/ace956f4-6d37-4c62-b1cf-1a79501ad17d-770x422.jpeg 770w, https:\/\/rna.ao\/rna.ao\/wp-content\/uploads\/2026\/04\/ace956f4-6d37-4c62-b1cf-1a79501ad17d-768x421.jpeg 768w, https:\/\/rna.ao\/rna.ao\/wp-content\/uploads\/2026\/04\/ace956f4-6d37-4c62-b1cf-1a79501ad17d.jpeg 860w\" sizes=\"(max-width: 770px) 100vw, 770px\" \/>A junta militar no poder no Mali decretou um recolher obrigat\u00f3rio imediato de 72 horas em todo o distrito de Bamako, ap\u00f3s uma s\u00e9rie de ataques reivindicados por grupos fundamentalistas isl\u00e2micos.<\/p>\n<p>A medida, de car\u00e1cter excepcional, visa conter a instabilidade e refor\u00e7ar a seguran\u00e7a na capital, numa altura em que as autoridades militares intensificam opera\u00e7\u00f5es para neutralizar as amea\u00e7as.<\/p>\n<p>Durante o per\u00edodo de recolher obrigat\u00f3rio, a circula\u00e7\u00e3o de pessoas e viaturas fica limitada, sendo permitidas apenas desloca\u00e7\u00f5es essenciais e devidamente autorizadas. Jornalista Daniel Marques. Clique no \u00e1udio e ou\u00e7a:<\/p>\n\t<div class=\"qtmplayer-playlist-large\">\n\t\t<ul class=\"qtmplayer-playlist\">\n\t\t\t\n\t\t\t\t\t<li class=\"qtmplayer-trackitem\">\n\t\t<img src=\"https:\/\/rna.ao\/rna.ao\/wp-content\/uploads\/2026\/04\/ace956f4-6d37-4c62-b1cf-1a79501ad17d-100x100.jpeg\" alt=\"cover\">\t\t<span \t\t\tdata-qtmplayer-cover=\"https:\/\/rna.ao\/rna.ao\/wp-content\/uploads\/2026\/04\/ace956f4-6d37-4c62-b1cf-1a79501ad17d-370x370.jpeg\"\n\t\t\t\t\t\tdata-qtmplayer-file=\"https:\/\/rna.ao\/rna.ao\/wp-content\/uploads\/2026\/04\/DANIEL-MARQUES-INTERNACIONAL-07HRS.mp3\"\n\t\t\t\t\t\tdata-qtmplayer-title=\"Junta militar declara recolher obrigat\u00f3rio de 72h no Mali ap\u00f3s ataques\"\n\t\t\t\t\t\tdata-qtmplayer-artist=\"Juliana Nunes\"\n\t\t\t\t\t\tdata-qtmplayer-link=\"https:\/\/rna.ao\/rna.ao\/2026\/04\/28\/junta-militar-declara-recolher-obrigatorio-de-72h-no-mali-apos-ataques\/\"\n\t\t\t\t\t\tdata-qtmplayer-icon=\"file_download\"\n\t\t\t\t\t\tdata-qtmplayer-type=\"track\"\n\t\t\t class=\"qtmplayer-play qtmplayer-link-sec qtmplayer-play-btn\"><i class='material-icons'>play_arrow<\/i><\/span>\n\t\t<p>\n\t\t\t<span class=\"qtmplayer-tit\">Junta militar declara recolher obrigat\u00f3rio de 72h no Mali ap\u00f3s ataques<\/span>\n\t\t\t<span class=\"qtmplayer-art\">Juliana Nunes<\/span>\n\t\t<\/p>\n\t<\/li>\n\t\t<\/ul>\n\t<\/div>\t\t\t\n\t\n","protected":false},"excerpt":{"rendered":"<p>A junta militar no poder no Mali decretou um recolher obrigat\u00f3rio imediato de 72 horas em todo o distrito de Bamako, ap\u00f3s uma s\u00e9rie de ataques reivindicados por grupos fundamentalistas isl\u00e2micos. A medida, de car\u00e1cter excepcional, visa conter a instabilidade e refor\u00e7ar a seguran\u00e7a na capital, numa altura em que ...<\/p>\n","protected":false},"author":16,"featured_media":216035,"comment_status":"closed","ping_status":"closed","sticky":false,"template":"","format":"standard","meta":[],"categories":[143,137],"tags":[],"_links":{"self":[{"href":"https:\/\/rna.ao\/rna.ao\/wp-json\/wp\/v2\/posts\/216032"}],"collection":[{"href":"https:\/\/rna.ao\/rna.ao\/wp-json\/wp\/v2\/posts"}],"about":[{"href":"https:\/\/rna.ao\/rna.ao\/wp-json\/wp\/v2\/types\/post"}],"author":[{"embeddable":true,"href":"https:\/\/rna.ao\/rna.ao\/wp-json\/wp\/v2\/users\/16"}],"replies":[{"embeddable":true,"href":"https:\/\/rna.ao\/rna.ao\/wp-json\/wp\/v2\/comments?post=216032"}],"version-history":[{"count":2,"href":"https:\/\/rna.ao\/rna.ao\/wp-json\/wp\/v2\/posts\/216032\/revisions"}],"predecessor-version":[{"id":216038,"href":"https:\/\/rna.ao\/rna.ao\/wp-json\/wp\/v2\/posts\/216032\/revisions\/216038"}],"wp:featuredmedia":[{"embeddable":true,"href":"https:\/\/rna.ao\/rna.ao\/wp-json\/wp\/v2\/media\/216035"}],"wp:attachment":[{"href":"https:\/\/rna.ao\/rna.ao\/wp-json\/wp\/v2\/media?parent=216032"}],"wp:term":[{"taxonomy":"category","embeddable":true,"href":"https:\/\/rna.ao\/rna.ao\/wp-json\/wp\/v2\/categories?post=216032"},{"taxonomy":"post_tag","embeddable":true,"href":"https:\/\/rna.ao\/rna.ao\/wp-json\/wp\/v2\/tags?post=216032"}],"curies":[{"name":"wp","href":"https:\/\/api.w.org\/{rel}","templated":true}]}}