{"id":216009,"date":"2026-04-27T21:23:08","date_gmt":"2026-04-27T20:23:08","guid":{"rendered":"https:\/\/rna.ao\/rna.ao\/?p=216009"},"modified":"2026-04-27T21:23:08","modified_gmt":"2026-04-27T20:23:08","slug":"zaire-ganha-amanha-3a-feira-sua-primeira-centralidade","status":"publish","type":"post","link":"https:\/\/rna.ao\/rna.ao\/2026\/04\/27\/zaire-ganha-amanha-3a-feira-sua-primeira-centralidade\/","title":{"rendered":"Zaire ganha amanh\u00e3, 3\u00aa feira sua primeira centralidade"},"content":{"rendered":"<p><img loading=\"lazy\" class=\"alignnone size-medium wp-image-216010\" src=\"https:\/\/rna.ao\/rna.ao\/wp-content\/uploads\/2026\/04\/IMG_3471-770x271.jpeg\" alt=\"\" width=\"770\" height=\"271\" srcset=\"https:\/\/rna.ao\/rna.ao\/wp-content\/uploads\/2026\/04\/IMG_3471-770x271.jpeg 770w, https:\/\/rna.ao\/rna.ao\/wp-content\/uploads\/2026\/04\/IMG_3471-1170x411.jpeg 1170w, https:\/\/rna.ao\/rna.ao\/wp-content\/uploads\/2026\/04\/IMG_3471-768x270.jpeg 768w, https:\/\/rna.ao\/rna.ao\/wp-content\/uploads\/2026\/04\/IMG_3471.jpeg 1320w\" sizes=\"(max-width: 770px) 100vw, 770px\" \/>O Ministro das Obras P\u00fablicas, Urbanismo e Habita\u00e7\u00e3o, Carlos Alberto dos Santos, procede, amanh\u00e3, 28 de Abril, pelas 9h, \u00e0 inaugura\u00e7\u00e3o da *Centralidade Alberto Ant\u00f3nio Teta Lando, na prov\u00edncia do Zaire, um projecto estruturante que visa refor\u00e7ar a oferta, mitigar o d\u00e9fice habitacional e melhorar as condi\u00e7\u00f5es de vida das popula\u00e7\u00f5es locais.<\/p>\n<p>Implantada numa \u00e1rea de cerca de 26 hectares, correspondente \u00e0 antiga pista de avia\u00e7\u00e3o do Bairro 11 de Novembro, a Centralidade surge como um novo marco de desenvolvimento urbano numa regi\u00e3o de elevado valor hist\u00f3rico e cultural para Angola.<\/p>\n<p>Na sua primeira fase, o projecto contempla a constru\u00e7\u00e3o de 200 fogos habitacionais, distribu\u00eddos por 13 edif\u00edcios de habita\u00e7\u00e3o colectiva, com r\u00e9s-do-ch\u00e3o e tr\u00eas pisos. \u00a0As habita\u00e7\u00f5es, maioritariamente de tipologia T3, disp\u00f5em de duas instala\u00e7\u00f5es sanit\u00e1rias, cozinha, lavandaria, sala comum e varandas, assegurando conforto e funcionalidade \u00e0s fam\u00edlias. Alguns edif\u00edcios incluem espa\u00e7os comerciais no r\u00e9s-do-ch\u00e3o, promovendo a proximidade entre servi\u00e7os e comunidade.<\/p>\n<p>O projecto habitacional foi concebido como um ecossistema urbano integrado, incluindo equipamentos e servi\u00e7os essenciais.<\/p>\n<p>Ao n\u00edvel das infra-estruturas, o projecto assegura rede de distribui\u00e7\u00e3o de \u00e1gua pot\u00e1vel, energia el\u00e9ctrica e ilumina\u00e7\u00e3o p\u00fablica, bem como sistemas de drenagem de \u00e1guas residuais e pluviais. Inclui ainda uma ETAR dimensionada para servir cerca de 6.000 habitantes, al\u00e9m de vias com duas faixas de rodagem, baias de estacionamento e passeios amplos, promovendo a mobilidade e a qualidade de vida.<\/p>\n<p>Para al\u00e9m da componente habitacional e dos servi\u00e7os imediatos, o plano prev\u00ea \u00e1reas de expans\u00e3o destinadas a novas infra-estruturas e iniciativas privadas, acompanhando o crescimento da regi\u00e3o de forma sustent\u00e1vel.<\/p>\n<p>O nome da Centralidade \u00e9 uma homenagem p\u00f3stuma ao conceituado m\u00fasico e compositor angolano, Alberto Ant\u00f3nio Teta Lando, nascido na localidade de Mbanza Kongo, aos 02 de Junho de 1948.<\/p>\n","protected":false},"excerpt":{"rendered":"<p>O Ministro das Obras P\u00fablicas, Urbanismo e Habita\u00e7\u00e3o, Carlos Alberto dos Santos, procede, amanh\u00e3, 28 de Abril, pelas 9h, \u00e0 inaugura\u00e7\u00e3o da *Centralidade Alberto Ant\u00f3nio Teta Lando, na prov\u00edncia do Zaire, um projecto estruturante que visa refor\u00e7ar a oferta, mitigar o d\u00e9fice habitacional e melhorar as condi\u00e7\u00f5es de vida das ...<\/p>\n","protected":false},"author":23,"featured_media":216010,"comment_status":"closed","ping_status":"closed","sticky":false,"template":"","format":"standard","meta":[],"categories":[142,121,164,163],"tags":[],"_links":{"self":[{"href":"https:\/\/rna.ao\/rna.ao\/wp-json\/wp\/v2\/posts\/216009"}],"collection":[{"href":"https:\/\/rna.ao\/rna.ao\/wp-json\/wp\/v2\/posts"}],"about":[{"href":"https:\/\/rna.ao\/rna.ao\/wp-json\/wp\/v2\/types\/post"}],"author":[{"embeddable":true,"href":"https:\/\/rna.ao\/rna.ao\/wp-json\/wp\/v2\/users\/23"}],"replies":[{"embeddable":true,"href":"https:\/\/rna.ao\/rna.ao\/wp-json\/wp\/v2\/comments?post=216009"}],"version-history":[{"count":1,"href":"https:\/\/rna.ao\/rna.ao\/wp-json\/wp\/v2\/posts\/216009\/revisions"}],"predecessor-version":[{"id":216011,"href":"https:\/\/rna.ao\/rna.ao\/wp-json\/wp\/v2\/posts\/216009\/revisions\/216011"}],"wp:featuredmedia":[{"embeddable":true,"href":"https:\/\/rna.ao\/rna.ao\/wp-json\/wp\/v2\/media\/216010"}],"wp:attachment":[{"href":"https:\/\/rna.ao\/rna.ao\/wp-json\/wp\/v2\/media?parent=216009"}],"wp:term":[{"taxonomy":"category","embeddable":true,"href":"https:\/\/rna.ao\/rna.ao\/wp-json\/wp\/v2\/categories?post=216009"},{"taxonomy":"post_tag","embeddable":true,"href":"https:\/\/rna.ao\/rna.ao\/wp-json\/wp\/v2\/tags?post=216009"}],"curies":[{"name":"wp","href":"https:\/\/api.w.org\/{rel}","templated":true}]}}